{"id":51689,"date":"2025-12-14T18:00:00","date_gmt":"2025-12-14T21:00:00","guid":{"rendered":"https:\/\/clickcarangola.com.br\/site\/?p=51689"},"modified":"2025-12-17T11:41:59","modified_gmt":"2025-12-17T14:41:59","slug":"colisao-frontal-mata-tres-pessoas-da-mesma-familia-na-br-116","status":"publish","type":"post","link":"https:\/\/clickcarangola.com.br\/site\/14\/12\/2025\/colisao-frontal-mata-tres-pessoas-da-mesma-familia-na-br-116\/","title":{"rendered":"Colis\u00e3o frontal mata tr\u00eas pessoas da mesma fam\u00edlia na BR-116"},"content":{"rendered":"<p><a href=\"https:\/\/clickcarangola.com.br\/site\/wp-content\/uploads\/2025\/12\/Colisao-frontal-01.jpeg\"><img loading=\"lazy\" decoding=\"async\" class=\"alignleft size-full wp-image-51690\" src=\"https:\/\/clickcarangola.com.br\/site\/wp-content\/uploads\/2025\/12\/Colisao-frontal-01.jpeg\" alt=\"\" width=\"300\" height=\"226\" \/><\/a>S\u00c3O FRANCISCO DO GL\u00d3RIA &#8211; Tr\u00eas pessoas, da mesma fam\u00edlia, morreram, ap\u00f3s uma colis\u00e3o frontal, na BR-116, neste domingo (14), em S\u00e3o Francisco do Gl\u00f3ria-MG.<\/p>\n<p>Uma crian\u00e7a, de 03 anos, filha do condutor, que estava na cadeirinha, sofreu ferimentos no bra\u00e7o e foi socorrida pelo SAMU 192 ao Hospital S\u00e3o Paulo (HSP).<!--more--><\/p>\n<p>As v\u00edtimas fatais, moradoras de Fervedouro-MG, foram identificadas como Peatan Jader Pires Moura, de 32 anos, Peron Jader Pires Moura, tamb\u00e9m de 32 anos, (irm\u00e3os g\u00eameos) e Ketimiller Sofia de Cores (idade n\u00e3o informada), esposa, do condutor do ve\u00edculo.<\/p>\n<p>Corpo de Bombeiros, SAMU 192, EcoviasRioMinas, Pol\u00edcia Rodovi\u00e1ria Federal (PRF) e per\u00edcia t\u00e9cnica da Pol\u00edcia Civil (PC) estiveram no local, realizaram os trabalhos e liberaram os corpos ao Instituto M\u00e9dico Legal (IML).<\/p>\n<p>N\u00e3o h\u00e1 informa\u00e7\u00f5es, sobre a din\u00e2mica do acidente.<\/p>\n<p><strong>Confira as imagens:<\/strong><\/p>\n<p><img loading=\"lazy\" decoding=\"async\" src=\"https:\/\/clickcarangola.com.br\/site\/wp-content\/uploads\/2025\/12\/Colisao-frontal-01.jpeg\" alt=\"\" width=\"400\" height=\"300\" \/> <img loading=\"lazy\" decoding=\"async\" src=\"https:\/\/clickcarangola.com.br\/site\/wp-content\/uploads\/2025\/12\/Colisao-frontal-02.jpeg\" alt=\"\" width=\"400\" height=\"300\" \/> <img loading=\"lazy\" decoding=\"async\" src=\"https:\/\/clickcarangola.com.br\/site\/wp-content\/uploads\/2025\/12\/Colisao-frontal-03.jpeg\" alt=\"\" width=\"400\" height=\"300\" \/> <img loading=\"lazy\" decoding=\"async\" src=\"https:\/\/clickcarangola.com.br\/site\/wp-content\/uploads\/2025\/12\/Colisao-frontal-04.jpeg\" alt=\"\" width=\"400\" height=\"300\" \/> <img loading=\"lazy\" decoding=\"async\" src=\"https:\/\/clickcarangola.com.br\/site\/wp-content\/uploads\/2025\/12\/Colisao-frontal-05.jpeg\" alt=\"\" width=\"400\" height=\"300\" \/> <img loading=\"lazy\" decoding=\"async\" src=\"https:\/\/clickcarangola.com.br\/site\/wp-content\/uploads\/2025\/12\/Colisao-frontal-06.jpeg\" alt=\"\" width=\"400\" height=\"300\" \/> <img loading=\"lazy\" decoding=\"async\" src=\"https:\/\/clickcarangola.com.br\/site\/wp-content\/uploads\/2025\/12\/Colisao-frontal-07.jpeg\" alt=\"\" width=\"400\" height=\"300\" \/> <img loading=\"lazy\" decoding=\"async\" src=\"https:\/\/clickcarangola.com.br\/site\/wp-content\/uploads\/2025\/12\/Colisao-frontal-08.jpeg\" alt=\"\" width=\"400\" height=\"300\" \/> <img loading=\"lazy\" decoding=\"async\" src=\"https:\/\/clickcarangola.com.br\/site\/wp-content\/uploads\/2025\/12\/Colisao-frontal-09.jpeg\" alt=\"\" width=\"400\" height=\"300\" \/> <img loading=\"lazy\" decoding=\"async\" src=\"https:\/\/clickcarangola.com.br\/site\/wp-content\/uploads\/2025\/12\/Colisao-frontal-10.jpeg\" alt=\"\" width=\"400\" height=\"300\" \/><\/p>\n<p><strong>Por: Click Carangola<\/strong> | Com informa\u00e7\u00f5es da PRF e R\u00e1dio Muria\u00e9.<\/p>\n","protected":false},"excerpt":{"rendered":"<p>S\u00c3O FRANCISCO DO GL\u00d3RIA &#8211; Tr\u00eas pessoas, da mesma fam\u00edlia, morreram, ap\u00f3s uma colis\u00e3o frontal, na BR-116, neste domingo (14), em S\u00e3o Francisco do Gl\u00f3ria-MG. Uma crian\u00e7a, de 03 anos, filha do condutor, que estava na cadeirinha, sofreu ferimentos no bra\u00e7o e foi socorrida pelo SAMU 192 ao Hospital S\u00e3o Paulo (HSP).<\/p>\n","protected":false},"author":2,"featured_media":51690,"comment_status":"open","ping_status":"open","sticky":false,"template":"","format":"standard","meta":{"footnotes":""},"categories":[55,1],"tags":[],"class_list":["post-51689","post","type-post","status-publish","format-standard","has-post-thumbnail","hentry","category-saofranciscodogloria-mg","category-regional"],"_links":{"self":[{"href":"https:\/\/clickcarangola.com.br\/site\/wp-json\/wp\/v2\/posts\/51689","targetHints":{"allow":["GET"]}}],"collection":[{"href":"https:\/\/clickcarangola.com.br\/site\/wp-json\/wp\/v2\/posts"}],"about":[{"href":"https:\/\/clickcarangola.com.br\/site\/wp-json\/wp\/v2\/types\/post"}],"author":[{"embeddable":true,"href":"https:\/\/clickcarangola.com.br\/site\/wp-json\/wp\/v2\/users\/2"}],"replies":[{"embeddable":true,"href":"https:\/\/clickcarangola.com.br\/site\/wp-json\/wp\/v2\/comments?post=51689"}],"version-history":[{"count":6,"href":"https:\/\/clickcarangola.com.br\/site\/wp-json\/wp\/v2\/posts\/51689\/revisions"}],"predecessor-version":[{"id":51726,"href":"https:\/\/clickcarangola.com.br\/site\/wp-json\/wp\/v2\/posts\/51689\/revisions\/51726"}],"wp:featuredmedia":[{"embeddable":true,"href":"https:\/\/clickcarangola.com.br\/site\/wp-json\/wp\/v2\/media\/51690"}],"wp:attachment":[{"href":"https:\/\/clickcarangola.com.br\/site\/wp-json\/wp\/v2\/media?parent=51689"}],"wp:term":[{"taxonomy":"category","embeddable":true,"href":"https:\/\/clickcarangola.com.br\/site\/wp-json\/wp\/v2\/categories?post=51689"},{"taxonomy":"post_tag","embeddable":true,"href":"https:\/\/clickcarangola.com.br\/site\/wp-json\/wp\/v2\/tags?post=51689"}],"curies":[{"name":"wp","href":"https:\/\/api.w.org\/{rel}","templated":true}]}}