{"id":51795,"date":"2026-01-20T12:00:00","date_gmt":"2026-01-20T15:00:00","guid":{"rendered":"https:\/\/clickcarangola.com.br\/site\/?p=51795"},"modified":"2026-01-20T20:50:08","modified_gmt":"2026-01-20T23:50:08","slug":"tragedia-batida-entre-onibus-de-viagem-e-carreta-deixa-17-feridos-e-um-morto-na-br-356","status":"publish","type":"post","link":"https:\/\/clickcarangola.com.br\/site\/20\/01\/2026\/tragedia-batida-entre-onibus-de-viagem-e-carreta-deixa-17-feridos-e-um-morto-na-br-356\/","title":{"rendered":"Trag\u00e9dia: batida entre \u00f4nibus de viagem e carreta deixa 17 feridos e um morto na BR-356"},"content":{"rendered":"<p><img loading=\"lazy\" decoding=\"async\" class=\"alignleft\" src=\"https:\/\/clickcarangola.com.br\/site\/wp-content\/uploads\/2026\/01\/Tragedia-na-356-01-300x200.jpeg\" alt=\"\" width=\"300\" height=\"200\" \/>MURIA\u00c9 &#8211; Um acidente, de grandes propor\u00e7\u00f5es, foi registrado, na noite desta segunda-feira (19), na BR-356, em Muria\u00e9.<\/p>\n<p>A colis\u00e3o, aconteceu por volta das 22h30min, na sa\u00edda do Distrito de Vermelho, sentido Pirapanema, e envolveu um \u00f4nibus de viagem e uma carreta.<!--more--><\/p>\n<p data-start=\"418\" data-end=\"645\">O \u00f4nibus, com 49 passageiros a bordo, havia sa\u00eddo de Guarapari, no Esp\u00edrito Santo, com destino a Ouro Branco, em Minas Gerais. Ao passar pelo trecho de serra, o ve\u00edculo acabou sendo atingido pela carreta. As causas da batida, ainda est\u00e3o sendo investigadas.<\/p>\n<p data-start=\"418\" data-end=\"645\">O motorista do \u00f4nibus, Renato Douglas Santiago Dias, de 32 anos, n\u00e3o resistiu aos ferimentos e morreu no local. Equipes do SAMU 192 e do Corpo de Bombeiros (CB) 193 foram acionadas e prestaram atendimento \u00e0s v\u00edtimas (ainda na rodovia).<\/p>\n<p data-start=\"869\" data-end=\"1083\">Dezessete passageiros, ficaram feridos e foram encaminhados ao Hospital S\u00e3o Paulo (HSP). Segundo informa\u00e7\u00f5es, a maioria j\u00e1 recebeu alta m\u00e9dica. O motorista da carreta, segue internado e inspira maiores cuidados.<\/p>\n<p data-start=\"869\" data-end=\"1083\">Durante o atendimento da ocorr\u00eancia, o tr\u00e2nsito ficou completamente interditado, nos dois sentidos da BR. Ap\u00f3s os trabalhos da per\u00edcia t\u00e9cnica da Pol\u00edcia Civil (PC), o corpo do motorista, foi encaminhado ao Instituto M\u00e9dico Legal (IML).<\/p>\n<p data-start=\"869\" data-end=\"1083\">Os passageiros, que n\u00e3o precisaram de atendimento m\u00e9dico, receberam apoio, em um ponto de acolhimento, montado nas proximidades do acidente. Eles foram abrigados, em uma igreja evang\u00e9lica do Distrito e contaram com o aux\u00edlio da Pol\u00edcia Militar (PM) e de moradores da regi\u00e3o.<\/p>\n<p data-start=\"869\" data-end=\"1083\">Na manh\u00e3 desta ter\u00e7a-feira (20), os passageiros, foram realocados em outro \u00f4nibus, para dar continuidade a viagem. Os dois ve\u00edculos, envolvidos no acidente, permanecem no local sob guarda da Pol\u00edcia Militar (PM).<\/p>\n<p data-start=\"869\" data-end=\"1083\">As autoridades, seguem apurando as circunst\u00e2ncias. A qualquer momento, novas informa\u00e7\u00f5es oficiais podem ser divulgadas.<\/p>\n<p data-start=\"869\" data-end=\"1083\"><strong>Confira as imagens:<\/strong><\/p>\n<p><img loading=\"lazy\" decoding=\"async\" src=\"https:\/\/clickcarangola.com.br\/site\/wp-content\/uploads\/2026\/01\/Tragedia-na-356-01-300x200.jpeg\" alt=\"\" width=\"400\" height=\"300\" \/><br \/>\n<img loading=\"lazy\" decoding=\"async\" src=\"https:\/\/clickcarangola.com.br\/site\/wp-content\/uploads\/2026\/01\/Tragedia-na-356-02-300x200.jpeg\" alt=\"\" width=\"400\" height=\"300\" \/><br \/>\n<img loading=\"lazy\" decoding=\"async\" src=\"https:\/\/clickcarangola.com.br\/site\/wp-content\/uploads\/2026\/01\/Tragedia-na-356-03-300x200.jpeg\" alt=\"\" width=\"400\" height=\"300\" \/><br \/>\n<img loading=\"lazy\" decoding=\"async\" src=\"https:\/\/clickcarangola.com.br\/site\/wp-content\/uploads\/2026\/01\/Tragedia-na-356-04-300x200.jpeg\" alt=\"\" width=\"400\" height=\"300\" \/><br \/>\n<img loading=\"lazy\" decoding=\"async\" src=\"https:\/\/clickcarangola.com.br\/site\/wp-content\/uploads\/2026\/01\/Tragedia-na-356-05-300x200.jpeg\" alt=\"\" width=\"400\" height=\"300\" \/><br \/>\n<img loading=\"lazy\" decoding=\"async\" src=\"https:\/\/clickcarangola.com.br\/site\/wp-content\/uploads\/2026\/01\/Tragedia-na-356-06-300x200.jpeg\" alt=\"\" width=\"400\" height=\"300\" \/><br \/>\n<img loading=\"lazy\" decoding=\"async\" src=\"https:\/\/clickcarangola.com.br\/site\/wp-content\/uploads\/2026\/01\/Tragedia-na-356-07-300x200.jpeg\" alt=\"\" width=\"400\" height=\"300\" \/><br \/>\n<img loading=\"lazy\" decoding=\"async\" src=\"https:\/\/clickcarangola.com.br\/site\/wp-content\/uploads\/2026\/01\/Tragedia-na-356-08-300x200.jpeg\" alt=\"\" width=\"400\" height=\"300\" \/><br \/>\n<img loading=\"lazy\" decoding=\"async\" src=\"https:\/\/clickcarangola.com.br\/site\/wp-content\/uploads\/2026\/01\/Tragedia-na-356-09-300x200.jpeg\" alt=\"\" width=\"400\" height=\"300\" \/><\/p>\n<p data-start=\"869\" data-end=\"1083\"><strong>Por: Click Carangola<\/strong> | Com informa\u00e7\u00f5es do CB e R\u00e1dio Muria\u00e9.<\/p>\n","protected":false},"excerpt":{"rendered":"<p>MURIA\u00c9 &#8211; Um acidente, de grandes propor\u00e7\u00f5es, foi registrado, na noite desta segunda-feira (19), na BR-356, em Muria\u00e9. A colis\u00e3o, aconteceu por volta das 22h30min, na sa\u00edda do Distrito de Vermelho, sentido Pirapanema, e envolveu um \u00f4nibus de viagem e uma carreta.<\/p>\n","protected":false},"author":1,"featured_media":51796,"comment_status":"closed","ping_status":"closed","sticky":false,"template":"","format":"standard","meta":{"footnotes":""},"categories":[1],"tags":[],"class_list":["post-51795","post","type-post","status-publish","format-standard","has-post-thumbnail","hentry","category-regional"],"_links":{"self":[{"href":"https:\/\/clickcarangola.com.br\/site\/wp-json\/wp\/v2\/posts\/51795","targetHints":{"allow":["GET"]}}],"collection":[{"href":"https:\/\/clickcarangola.com.br\/site\/wp-json\/wp\/v2\/posts"}],"about":[{"href":"https:\/\/clickcarangola.com.br\/site\/wp-json\/wp\/v2\/types\/post"}],"author":[{"embeddable":true,"href":"https:\/\/clickcarangola.com.br\/site\/wp-json\/wp\/v2\/users\/1"}],"replies":[{"embeddable":true,"href":"https:\/\/clickcarangola.com.br\/site\/wp-json\/wp\/v2\/comments?post=51795"}],"version-history":[{"count":5,"href":"https:\/\/clickcarangola.com.br\/site\/wp-json\/wp\/v2\/posts\/51795\/revisions"}],"predecessor-version":[{"id":51816,"href":"https:\/\/clickcarangola.com.br\/site\/wp-json\/wp\/v2\/posts\/51795\/revisions\/51816"}],"wp:featuredmedia":[{"embeddable":true,"href":"https:\/\/clickcarangola.com.br\/site\/wp-json\/wp\/v2\/media\/51796"}],"wp:attachment":[{"href":"https:\/\/clickcarangola.com.br\/site\/wp-json\/wp\/v2\/media?parent=51795"}],"wp:term":[{"taxonomy":"category","embeddable":true,"href":"https:\/\/clickcarangola.com.br\/site\/wp-json\/wp\/v2\/categories?post=51795"},{"taxonomy":"post_tag","embeddable":true,"href":"https:\/\/clickcarangola.com.br\/site\/wp-json\/wp\/v2\/tags?post=51795"}],"curies":[{"name":"wp","href":"https:\/\/api.w.org\/{rel}","templated":true}]}}