{"id":5184,"date":"2012-04-28T17:32:50","date_gmt":"2012-04-28T20:32:50","guid":{"rendered":"https:\/\/clickcarangola.com.br\/site\/?p=5184"},"modified":"2012-04-28T17:51:26","modified_gmt":"2012-04-28T20:51:26","slug":"festa-dos-trabalhadores-e-cancelada-em-carangola","status":"publish","type":"post","link":"https:\/\/clickcarangola.com.br\/site\/28\/04\/2012\/festa-dos-trabalhadores-e-cancelada-em-carangola\/","title":{"rendered":"Festa dos trabalhadores \u00e9 cancelada em Carangola"},"content":{"rendered":"<p style=\"text-align: justify;\"><img loading=\"lazy\" decoding=\"async\" id=\"rg_hi\" class=\"alignleft\" src=\"https:\/\/t2.gstatic.com\/images?q=tbn:ANd9GcRLHomYD2F9MJNebW9UFOcuSE5eaQJBmLX4pOs7o9cWdH2kdfCYlA\" alt=\"\" width=\"225\" height=\"224\" \/><span style=\"color: #888888;\">De acordo com as \u00faltimas informa\u00e7\u00f5es, a festa foi cancelada por determina\u00e7\u00e3o do Minist\u00e9rio P\u00fablico da Comarca de Carangola. A 4\u00aa edi\u00e7\u00e3o do evento, seria realizado durante o fim de semana na &#8220;Avenida do Samba&#8221;. <\/span><\/p>\n<p style=\"text-align: justify;\"><span style=\"color: #888888;\">O organizador do evento, C\u00e9lio Santos, acatou imediatamente a decis\u00e3o da justi\u00e7a e mandou cancelar a realiza\u00e7\u00e3o do evento.<!--more--><\/span><\/p>\n<p style=\"text-align: justify;\"><span style=\"color: #888888;\">A decis\u00e3o do Minist\u00e9rio P\u00fablico baseou-se em falta de seguran\u00e7a do tr\u00e2nsito e o acesso aos pontos de emerg\u00eancia e socorro da popula\u00e7\u00e3o.<\/span><\/p>\n<p style=\"text-align: justify;\"><span style=\"color: #888888;\">Uma nova data e local para realiza\u00e7\u00e3o do evento ser\u00e3o confirmados nos pr\u00f3ximos dias.<\/span><\/p>\n<p style=\"text-align: justify;\"><strong><span style=\"color: #888888;\">Por: Click Carangola<\/span><\/strong><\/p>\n","protected":false},"excerpt":{"rendered":"<p>De acordo com as \u00faltimas informa\u00e7\u00f5es, a festa foi cancelada por determina\u00e7\u00e3o do Minist\u00e9rio P\u00fablico da Comarca de Carangola. A 4\u00aa edi\u00e7\u00e3o do evento, seria realizado durante o fim de semana na &#8220;Avenida do Samba&#8221;. O organizador do evento, C\u00e9lio Santos, acatou imediatamente a decis\u00e3o da justi\u00e7a e mandou cancelar a realiza\u00e7\u00e3o do evento.<\/p>\n","protected":false},"author":2,"featured_media":0,"comment_status":"open","ping_status":"open","sticky":false,"template":"","format":"standard","meta":{"footnotes":""},"categories":[37],"tags":[],"class_list":["post-5184","post","type-post","status-publish","format-standard","hentry","category-carangola-mg"],"_links":{"self":[{"href":"https:\/\/clickcarangola.com.br\/site\/wp-json\/wp\/v2\/posts\/5184","targetHints":{"allow":["GET"]}}],"collection":[{"href":"https:\/\/clickcarangola.com.br\/site\/wp-json\/wp\/v2\/posts"}],"about":[{"href":"https:\/\/clickcarangola.com.br\/site\/wp-json\/wp\/v2\/types\/post"}],"author":[{"embeddable":true,"href":"https:\/\/clickcarangola.com.br\/site\/wp-json\/wp\/v2\/users\/2"}],"replies":[{"embeddable":true,"href":"https:\/\/clickcarangola.com.br\/site\/wp-json\/wp\/v2\/comments?post=5184"}],"version-history":[{"count":5,"href":"https:\/\/clickcarangola.com.br\/site\/wp-json\/wp\/v2\/posts\/5184\/revisions"}],"predecessor-version":[{"id":5189,"href":"https:\/\/clickcarangola.com.br\/site\/wp-json\/wp\/v2\/posts\/5184\/revisions\/5189"}],"wp:attachment":[{"href":"https:\/\/clickcarangola.com.br\/site\/wp-json\/wp\/v2\/media?parent=5184"}],"wp:term":[{"taxonomy":"category","embeddable":true,"href":"https:\/\/clickcarangola.com.br\/site\/wp-json\/wp\/v2\/categories?post=5184"},{"taxonomy":"post_tag","embeddable":true,"href":"https:\/\/clickcarangola.com.br\/site\/wp-json\/wp\/v2\/tags?post=5184"}],"curies":[{"name":"wp","href":"https:\/\/api.w.org\/{rel}","templated":true}]}}