{"id":51973,"date":"2026-04-14T10:00:00","date_gmt":"2026-04-14T13:00:00","guid":{"rendered":"https:\/\/clickcarangola.com.br\/site\/?p=51973"},"modified":"2026-04-14T21:32:08","modified_gmt":"2026-04-15T00:32:08","slug":"corpo-de-idoso-desaparecido-em-acidente-na-br-116-e-localizado-no-rio-gloria","status":"publish","type":"post","link":"https:\/\/clickcarangola.com.br\/site\/14\/04\/2026\/corpo-de-idoso-desaparecido-em-acidente-na-br-116-e-localizado-no-rio-gloria\/","title":{"rendered":"Corpo de idoso desaparecido em acidente na BR-116 \u00e9 localizado no Rio Gl\u00f3ria"},"content":{"rendered":"<p><img loading=\"lazy\" decoding=\"async\" class=\"alignleft\" src=\"https:\/\/clickcarangola.com.br\/site\/wp-content\/uploads\/2026\/04\/Corpo-de-idoso-01-300x200.jpeg\" alt=\"\" width=\"300\" height=\"200\" \/>VIEIRAS &#8211; Ap\u00f3s, tr\u00eas dias de buscas, o Corpo de Bombeiros (CB), localizou, nesta ter\u00e7a-feira (14), o corpo, do idoso, de 71 anos, conhecido como &#8220;Corujinha&#8221;, na cidade de <span class=\"hover:entity-accent entity-underline inline cursor-pointer align-baseline\"><span class=\"whitespace-normal\">Vieiras<\/span><\/span>.<\/p>\n<p data-start=\"98\" data-end=\"409\">Ant\u00f4nio Paloma da Silva, de 71 anos, estava desaparecido, desde o \u00faltimo domingo (12), ap\u00f3s um grave acidente, ocorrido na BR-116, nas proximidades do Rio Gl\u00f3ria.<!--more--><\/p>\n<p data-start=\"98\" data-end=\"409\">A trag\u00e9dia, resultou tamb\u00e9m, nas mortes de Guilherme Felipe Portugal da Silva, de 26 anos, morador, da zona rural de Vieiras e Ingrid Roque de Freitas, de 21 anos, moradora de Muria\u00e9.<\/p>\n<p data-start=\"98\" data-end=\"409\">Desde o momento, em que familiares, informaram o desaparecimento, as equipes iniciaram os trabalhos, considerando a possibilidade, de que a v\u00edtima, tivesse sido lan\u00e7ada, nas \u00e1guas, durante o acidente. O idoso, estava no ve\u00edculo, junto com outras duas pessoas, que morreram no local.<\/p>\n<p data-start=\"98\" data-end=\"409\">De acordo com o subtenente J\u00falio C\u00e9sar, do Corpo de Bombeiros (CB), as buscas, come\u00e7aram ainda no domingo, com varreduras, nas margens do rio e \u00e1reas de mata pr\u00f3ximas. Como n\u00e3o houve \u00eaxito inicial, os militares, passaram a realizar mergulhos, na regi\u00e3o da ponte e em pontos estrat\u00e9gicos, do leito do rio.<\/p>\n<p data-start=\"98\" data-end=\"409\">As dificuldades, enfrentadas pelas equipes foram significativas. A \u00e1gua turva, a presen\u00e7a de galhos, entulhos e estruturas submersas, dificultaram o trabalho dos mergulhadores, exigindo o uso de diferentes t\u00e9cnicas, ao longo dos dias.<\/p>\n<p data-start=\"98\" data-end=\"409\">Sem sucesso, nas buscas submersas, os bombeiros, adotaram uma estrat\u00e9gia, de busca superficial com embarca\u00e7\u00e3o, promovendo, a agita\u00e7\u00e3o da \u00e1gua, para liberar poss\u00edveis obst\u00e1culos, que pudessem estar prendendo o corpo, no fundo do rio. A t\u00e9cnica, surtiu efeito, e o corpo, acabou emergindo nesta ter\u00e7a-feira.<\/p>\n<p data-start=\"98\" data-end=\"409\">Segundo o subtenente, \u00e9 comum que, em casos como esse, o corpo, venha \u00e0 superf\u00edcie, ap\u00f3s alguns dias, devido a processos naturais. No entanto, fatores como objetos submersos, podem impedir essa subida espont\u00e2nea, o que justifica, a necessidade da interven\u00e7\u00e3o das equipes.<\/p>\n<p data-start=\"98\" data-end=\"409\">Apesar do desfecho triste, a localiza\u00e7\u00e3o do corpo, traz al\u00edvio aos familiares, que agora, poder\u00e3o realizar o vel\u00f3rio e o sepultamento, de forma digna. O caso, gerou, grande como\u00e7\u00e3o, na cidade de Vieiras, onde o idoso, era bastante conhecido e querido pela comunidade.<\/p>\n<p data-start=\"98\" data-end=\"409\"><strong>Confira as imagens:<\/strong><\/p>\n<p><img loading=\"lazy\" decoding=\"async\" src=\"https:\/\/clickcarangola.com.br\/site\/wp-content\/uploads\/2026\/04\/Corpo-de-idoso-01-300x200.jpeg\" alt=\"\" width=\"400\" height=\"300\" \/><br \/>\n<img loading=\"lazy\" decoding=\"async\" src=\"https:\/\/clickcarangola.com.br\/site\/wp-content\/uploads\/2026\/04\/Corpo-de-idoso-02-300x200.jpeg\" alt=\"\" width=\"400\" height=\"300\" \/><br \/>\n<img loading=\"lazy\" decoding=\"async\" src=\"https:\/\/clickcarangola.com.br\/site\/wp-content\/uploads\/2026\/04\/Corpo-de-idoso-03-300x200.jpeg\" alt=\"\" width=\"400\" height=\"300\" \/><br \/>\n<img loading=\"lazy\" decoding=\"async\" src=\"https:\/\/clickcarangola.com.br\/site\/wp-content\/uploads\/2026\/04\/Corpo-de-idoso-04-300x200.jpeg\" alt=\"\" width=\"400\" height=\"300\" \/><\/p>\n<p data-start=\"98\" data-end=\"409\"><strong>Por: Click Carangola<\/strong> | Com informa\u00e7\u00f5es do CB e R\u00e1dio Muria\u00e9.<\/p>\n","protected":false},"excerpt":{"rendered":"<p>VIEIRAS &#8211; Ap\u00f3s, tr\u00eas dias de buscas, o Corpo de Bombeiros (CB), localizou, nesta ter\u00e7a-feira (14), o corpo, do idoso, de 71 anos, conhecido como &#8220;Corujinha&#8221;, na cidade de Vieiras. Ant\u00f4nio Paloma da Silva, de 71 anos, estava desaparecido, desde o \u00faltimo domingo (12), ap\u00f3s um grave acidente, ocorrido na BR-116, nas proximidades do Rio [&hellip;]<\/p>\n","protected":false},"author":1,"featured_media":51978,"comment_status":"closed","ping_status":"closed","sticky":false,"template":"","format":"standard","meta":{"footnotes":""},"categories":[1],"tags":[],"class_list":["post-51973","post","type-post","status-publish","format-standard","has-post-thumbnail","hentry","category-regional"],"_links":{"self":[{"href":"https:\/\/clickcarangola.com.br\/site\/wp-json\/wp\/v2\/posts\/51973","targetHints":{"allow":["GET"]}}],"collection":[{"href":"https:\/\/clickcarangola.com.br\/site\/wp-json\/wp\/v2\/posts"}],"about":[{"href":"https:\/\/clickcarangola.com.br\/site\/wp-json\/wp\/v2\/types\/post"}],"author":[{"embeddable":true,"href":"https:\/\/clickcarangola.com.br\/site\/wp-json\/wp\/v2\/users\/1"}],"replies":[{"embeddable":true,"href":"https:\/\/clickcarangola.com.br\/site\/wp-json\/wp\/v2\/comments?post=51973"}],"version-history":[{"count":5,"href":"https:\/\/clickcarangola.com.br\/site\/wp-json\/wp\/v2\/posts\/51973\/revisions"}],"predecessor-version":[{"id":51991,"href":"https:\/\/clickcarangola.com.br\/site\/wp-json\/wp\/v2\/posts\/51973\/revisions\/51991"}],"wp:featuredmedia":[{"embeddable":true,"href":"https:\/\/clickcarangola.com.br\/site\/wp-json\/wp\/v2\/media\/51978"}],"wp:attachment":[{"href":"https:\/\/clickcarangola.com.br\/site\/wp-json\/wp\/v2\/media?parent=51973"}],"wp:term":[{"taxonomy":"category","embeddable":true,"href":"https:\/\/clickcarangola.com.br\/site\/wp-json\/wp\/v2\/categories?post=51973"},{"taxonomy":"post_tag","embeddable":true,"href":"https:\/\/clickcarangola.com.br\/site\/wp-json\/wp\/v2\/tags?post=51973"}],"curies":[{"name":"wp","href":"https:\/\/api.w.org\/{rel}","templated":true}]}}