{"id":52016,"date":"2026-04-20T12:00:00","date_gmt":"2026-04-20T15:00:00","guid":{"rendered":"https:\/\/clickcarangola.com.br\/site\/?p=52016"},"modified":"2026-04-20T18:13:42","modified_gmt":"2026-04-20T21:13:42","slug":"confirmada-morte-da-segunda-vitima-do-grave-acidente-na-br-116","status":"publish","type":"post","link":"https:\/\/clickcarangola.com.br\/site\/20\/04\/2026\/confirmada-morte-da-segunda-vitima-do-grave-acidente-na-br-116\/","title":{"rendered":"Confirmada morte da segunda v\u00edtima do grave acidente na BR-116"},"content":{"rendered":"<p><img loading=\"lazy\" decoding=\"async\" class=\"alignleft\" src=\"https:\/\/clickcarangola.com.br\/site\/wp-content\/uploads\/2026\/04\/Acidente-na-116-01-300x200.jpeg\" alt=\"\" width=\"300\" height=\"200\" \/>DIVINO &#8211; A Pol\u00edcia Rodovi\u00e1ria Federal (PRF), confirmou, a morte, do motorista da carreta, envolvida no grave acidente, na manh\u00e3 desta segunda-feira (20), no km 636, da BR-116, no trevo, da cidade de Oriz\u00e2nia, ap\u00f3s colis\u00e3o, com uma ambul\u00e2ncia, da Prefeitura de Divino.<\/p>\n<p>Alefe Felipe Mendes da Silva, de 32 anos, que dirigia a carreta, chegou a ser socorrido no local, com graves ferimentos e, encaminhado a um hospital, em Carangola.<!--more--><\/p>\n<p>No in\u00edcio da tarde, a PRF, confirmou, que ele n\u00e3o resistiu e morreu, a caminho da unidade hospitalar. O motorista do outro ve\u00edculo \u2013 uma ambul\u00e2ncia, da Secretaria de Sa\u00fade do munic\u00edpio de Divino \u2013 Robson Rodrigues de Lima, de 47 anos, n\u00e3o resistiu aos ferimentos e morreu, no local do acidente.<\/p>\n<p>A colis\u00e3o, de forte impacto, mobilizou, a aten\u00e7\u00e3o de moradores e motoristas, que passavam pela via, no momento do ocorrido. De acordo com relatos iniciais, a batida, foi violenta e exigiu, r\u00e1pida atua\u00e7\u00e3o das equipes de resgate.<\/p>\n<p>Profissionais, da concession\u00e1ria Ecovias Rio Minas, estiveram no local, e realizaram, o atendimento \u00e0s v\u00edtimas, prestando os primeiros socorros e auxiliando, na organiza\u00e7\u00e3o do tr\u00e1fego na rodovia.<\/p>\n<p>A Pol\u00edcia Rodovi\u00e1ria Federal (PRF), tamb\u00e9m, foi acionada, para atender a ocorr\u00eancia, realizar os procedimentos de praxe e garantir a seguran\u00e7a na via, durante o atendimento.<\/p>\n<p>Segundo informa\u00e7\u00f5es preliminares da PRF, o condutor da ambul\u00e2ncia, seguia no sentido crescente da via (Fervedouro &gt; Divino), enquanto a carreta, seguia no sentido oposto. A ambul\u00e2ncia, invadiu a contram\u00e3o, interceptando, a trajet\u00f3ria da carreta e colidindo, frontalmente, com o ve\u00edculo.<\/p>\n<p><strong>Confira as imagens:<\/strong><\/p>\n<p><img loading=\"lazy\" decoding=\"async\" src=\"https:\/\/clickcarangola.com.br\/site\/wp-content\/uploads\/2026\/04\/Acidente-na-116-01-300x200.jpeg\" alt=\"\" width=\"400\" height=\"300\" \/><br \/><img loading=\"lazy\" decoding=\"async\" src=\"https:\/\/clickcarangola.com.br\/site\/wp-content\/uploads\/2026\/04\/Acidente-na-116-02-300x200.jpeg\" alt=\"\" width=\"400\" height=\"300\" \/><br \/><img loading=\"lazy\" decoding=\"async\" src=\"https:\/\/clickcarangola.com.br\/site\/wp-content\/uploads\/2026\/04\/Acidente-na-116-03-300x200.jpeg\" alt=\"\" width=\"400\" height=\"300\" \/><\/p>\n<p><strong>Por: Click Carangola<\/strong> | Com informa\u00e7\u00f5es da PRF e R\u00e1dio Muria\u00e9.<\/p>\n\n\n<p><\/p>\n","protected":false},"excerpt":{"rendered":"<p>DIVINO &#8211; A Pol\u00edcia Rodovi\u00e1ria Federal (PRF), confirmou, a morte, do motorista da carreta, envolvida no grave acidente, na manh\u00e3 desta segunda-feira (20), no km 636, da BR-116, no trevo, da cidade de Oriz\u00e2nia, ap\u00f3s colis\u00e3o, com uma ambul\u00e2ncia, da Prefeitura de Divino. Alefe Felipe Mendes da Silva, de 32 anos, que dirigia a carreta, [&hellip;]<\/p>\n","protected":false},"author":1,"featured_media":52018,"comment_status":"closed","ping_status":"closed","sticky":false,"template":"","format":"standard","meta":{"footnotes":""},"categories":[43,53,1],"tags":[],"class_list":["post-52016","post","type-post","status-publish","format-standard","has-post-thumbnail","hentry","category-divino-mg","category-orizania-mg","category-regional"],"_links":{"self":[{"href":"https:\/\/clickcarangola.com.br\/site\/wp-json\/wp\/v2\/posts\/52016","targetHints":{"allow":["GET"]}}],"collection":[{"href":"https:\/\/clickcarangola.com.br\/site\/wp-json\/wp\/v2\/posts"}],"about":[{"href":"https:\/\/clickcarangola.com.br\/site\/wp-json\/wp\/v2\/types\/post"}],"author":[{"embeddable":true,"href":"https:\/\/clickcarangola.com.br\/site\/wp-json\/wp\/v2\/users\/1"}],"replies":[{"embeddable":true,"href":"https:\/\/clickcarangola.com.br\/site\/wp-json\/wp\/v2\/comments?post=52016"}],"version-history":[{"count":5,"href":"https:\/\/clickcarangola.com.br\/site\/wp-json\/wp\/v2\/posts\/52016\/revisions"}],"predecessor-version":[{"id":52027,"href":"https:\/\/clickcarangola.com.br\/site\/wp-json\/wp\/v2\/posts\/52016\/revisions\/52027"}],"wp:featuredmedia":[{"embeddable":true,"href":"https:\/\/clickcarangola.com.br\/site\/wp-json\/wp\/v2\/media\/52018"}],"wp:attachment":[{"href":"https:\/\/clickcarangola.com.br\/site\/wp-json\/wp\/v2\/media?parent=52016"}],"wp:term":[{"taxonomy":"category","embeddable":true,"href":"https:\/\/clickcarangola.com.br\/site\/wp-json\/wp\/v2\/categories?post=52016"},{"taxonomy":"post_tag","embeddable":true,"href":"https:\/\/clickcarangola.com.br\/site\/wp-json\/wp\/v2\/tags?post=52016"}],"curies":[{"name":"wp","href":"https:\/\/api.w.org\/{rel}","templated":true}]}}