{"id":5204,"date":"2012-04-30T10:24:47","date_gmt":"2012-04-30T13:24:47","guid":{"rendered":"https:\/\/clickcarangola.com.br\/site\/?p=5204"},"modified":"2012-04-30T11:50:19","modified_gmt":"2012-04-30T14:50:19","slug":"bairro-aeroporto-ganhara-area-de-lazer-e-esportes","status":"publish","type":"post","link":"https:\/\/clickcarangola.com.br\/site\/30\/04\/2012\/bairro-aeroporto-ganhara-area-de-lazer-e-esportes\/","title":{"rendered":"Bairro Aeroporto ganhar\u00e1 \u00e1rea de lazer e esportes"},"content":{"rendered":"<p style=\"text-align: justify;\"><span style=\"color: #888888;\"><img loading=\"lazy\" decoding=\"async\" class=\"alignleft\" src=\"https:\/\/2.bp.blogspot.com\/-x7i2QV6vP1w\/T5bzpTKG5FI\/AAAAAAAAC0o\/NBtqesuLndQ\/s320\/DSC06089.JPG\" border=\"0\" alt=\"\" width=\"300\" height=\"226\" \/>O Prefeito Patrick esteve na manh\u00e3 do \u00faltimo dia 23, com a Secret\u00e1ria de Pol\u00edtica Urbana, M\u00e1rcia Camp\u00eallo, no local onde est\u00e1 sendo constru\u00edda a \u00e1rea de lazer do Bairro Aeroporto.<\/span><\/p>\n<p style=\"text-align: justify;\"><span style=\"color: #888888;\">O espa\u00e7o vai receber o nome do ex-vice-presidente da Rep\u00fablica &#8220;Jos\u00e9 Alencar&#8221;, homenagem feita uma vez que o mesmo foi o respons\u00e1vel por trazer o SESI para Carangola em 1994, quando era presidente da FIEMG.<!--more--><\/span><\/p>\n<p style=\"text-align: justify;\"><span style=\"color: #888888;\">A \u00e1rea de lazer est\u00e1 localizada \u00e0 esquerda do SESI, logo depois do campo de futebol, que permanecer\u00e1 no mesmo local. A pavimenta\u00e7\u00e3o est\u00e1 praticamente pronta. De acordo com informa\u00e7\u00f5es da Assessoria, s<\/span><span style=\"color: #888888;\">er\u00e1 uma \u00e1rea de pr\u00e1ticas esportivas, com aparelhos para exerc\u00edcios f\u00edsicos, arborizada, com bancos para descanso e ilumina\u00e7\u00e3o p\u00fablica.<\/span><\/p>\n<p style=\"text-align: justify;\"><span style=\"color: #ff0000;\">Confira as imagens:<\/span><\/p>\n<p style=\"text-align: justify;\"><span style=\"color: #ff0000;\"><a href=\"https:\/\/2.bp.blogspot.com\/-YzaSHOWjkrY\/T5b0Bg7e0II\/AAAAAAAAC04\/QZomq4X3sbM\/s1600\/DSC06091.JPG\"><img loading=\"lazy\" decoding=\"async\" src=\"https:\/\/2.bp.blogspot.com\/-YzaSHOWjkrY\/T5b0Bg7e0II\/AAAAAAAAC04\/QZomq4X3sbM\/s320\/DSC06091.JPG\" border=\"0\" alt=\"\" width=\"300\" height=\"226\" \/><\/a><\/span><span style=\"color: #ff0000;\">\u00a0<\/span><\/p>\n<div><span style=\"color: #888888;\">&#8220;Local onde est\u00e1 sendo constru\u00edda a \u00e1rea de lazer.&#8221;<\/span><\/div>\n<div><span style=\"color: #888888;\">\u00a0<\/span><\/div>\n<div><span style=\"color: #888888;\"><img loading=\"lazy\" decoding=\"async\" src=\"https:\/\/1.bp.blogspot.com\/-GX7BIwq9MrY\/T5b0hwecyUI\/AAAAAAAAC1I\/cakVp29EOpg\/s400\/DSC06093.JPG\" border=\"0\" alt=\"\" width=\"305\" height=\"208\" \/><\/span><\/div>\n<div><span style=\"color: #888888;\">\u00a0<\/span><\/div>\n<div style=\"text-align: justify;\"><span style=\"color: #888888;\">&#8220;O Bairro Aeroporto, \u00e9 conhecido por ter uma das vistas mais privilegiadas do munic\u00edpio.&#8221;<\/span><\/div>\n<div style=\"text-align: justify;\"><span style=\"color: #888888;\">\u00a0<\/span><\/div>\n<div style=\"text-align: justify;\"><span style=\"color: #888888;\"><img loading=\"lazy\" decoding=\"async\" src=\"https:\/\/2.bp.blogspot.com\/-YZTrJ8jePZk\/T5b0TgKacTI\/AAAAAAAAC1A\/wqNudVukfA0\/s400\/DSC06092.JPG\" border=\"0\" alt=\"\" width=\"300\" height=\"226\" \/><\/span><\/div>\n<div style=\"text-align: justify;\"><strong><span style=\"color: #888888;\">\u00a0<\/span><\/strong><\/div>\n<div>\n<div><strong><span style=\"color: #888888;\">Por: Click Carangola<\/span><\/strong><\/div>\n<div><strong><span style=\"color: #888888;\">\u00a0<\/span><\/strong><\/div>\n<\/div>\n","protected":false},"excerpt":{"rendered":"<p>O Prefeito Patrick esteve na manh\u00e3 do \u00faltimo dia 23, com a Secret\u00e1ria de Pol\u00edtica Urbana, M\u00e1rcia Camp\u00eallo, no local onde est\u00e1 sendo constru\u00edda a \u00e1rea de lazer do Bairro Aeroporto. O espa\u00e7o vai receber o nome do ex-vice-presidente da Rep\u00fablica &#8220;Jos\u00e9 Alencar&#8221;, homenagem feita uma vez que o mesmo foi o respons\u00e1vel por trazer [&hellip;]<\/p>\n","protected":false},"author":2,"featured_media":0,"comment_status":"open","ping_status":"open","sticky":false,"template":"","format":"standard","meta":{"footnotes":""},"categories":[37],"tags":[],"class_list":["post-5204","post","type-post","status-publish","format-standard","hentry","category-carangola-mg"],"_links":{"self":[{"href":"https:\/\/clickcarangola.com.br\/site\/wp-json\/wp\/v2\/posts\/5204","targetHints":{"allow":["GET"]}}],"collection":[{"href":"https:\/\/clickcarangola.com.br\/site\/wp-json\/wp\/v2\/posts"}],"about":[{"href":"https:\/\/clickcarangola.com.br\/site\/wp-json\/wp\/v2\/types\/post"}],"author":[{"embeddable":true,"href":"https:\/\/clickcarangola.com.br\/site\/wp-json\/wp\/v2\/users\/2"}],"replies":[{"embeddable":true,"href":"https:\/\/clickcarangola.com.br\/site\/wp-json\/wp\/v2\/comments?post=5204"}],"version-history":[{"count":13,"href":"https:\/\/clickcarangola.com.br\/site\/wp-json\/wp\/v2\/posts\/5204\/revisions"}],"predecessor-version":[{"id":5206,"href":"https:\/\/clickcarangola.com.br\/site\/wp-json\/wp\/v2\/posts\/5204\/revisions\/5206"}],"wp:attachment":[{"href":"https:\/\/clickcarangola.com.br\/site\/wp-json\/wp\/v2\/media?parent=5204"}],"wp:term":[{"taxonomy":"category","embeddable":true,"href":"https:\/\/clickcarangola.com.br\/site\/wp-json\/wp\/v2\/categories?post=5204"},{"taxonomy":"post_tag","embeddable":true,"href":"https:\/\/clickcarangola.com.br\/site\/wp-json\/wp\/v2\/tags?post=5204"}],"curies":[{"name":"wp","href":"https:\/\/api.w.org\/{rel}","templated":true}]}}