{"id":5279,"date":"2012-05-03T15:35:26","date_gmt":"2012-05-03T18:35:26","guid":{"rendered":"https:\/\/clickcarangola.com.br\/site\/?p=5279"},"modified":"2012-05-07T16:40:26","modified_gmt":"2012-05-07T19:40:26","slug":"victor-e-leo-e-confirmado-na-63-expo-carangola","status":"publish","type":"post","link":"https:\/\/clickcarangola.com.br\/site\/03\/05\/2012\/victor-e-leo-e-confirmado-na-63-expo-carangola\/","title":{"rendered":"Victor &#038; Leo \u00e9 confirmado na 63\u00aa Exp\u00f4 Carangola"},"content":{"rendered":"<p style=\"text-align: justify;\"><span style=\"color: #808080;\"><img loading=\"lazy\" decoding=\"async\" class=\"alignleft\" src=\"https:\/\/2.bp.blogspot.com\/-Kh4cByGuRNU\/T6LWoYa7HDI\/AAAAAAAAA6A\/BjwQv39GRWM\/s320\/_victor_20e_20leo_20div_608354013.jpg\" border=\"0\" alt=\"\" width=\"100\" height=\"100\" \/><\/span><\/p>\n<p style=\"text-align: justify;\"><span style=\"color: #808080;\">A dupla Victor &amp; Leo est\u00e1 confirmada como atra\u00e7\u00e3o da 63\u00aa Exposi\u00e7\u00e3o Regional Agropecu\u00e1ria\u00a0e\u00a0Industrial\u00a0de\u00a0Carangola, que ser\u00e1 realizada entre os dias\u00a022 e\u00a029 de julho, no Parque de Exposi\u00e7\u00f5es Dr. Fernando Quint\u00e3o Hosken.<\/span><\/p>\n<p style=\"text-align: justify;\"><span style=\"color: #808080;\">Os cantores mineiros, que fazem sucesso em todo o pa\u00eds, v\u00e3o se apresentar na\u00a0sexta-feira (27). Em breve, ser\u00e1 divulgada a programa\u00e7\u00e3o completa da maior festa da regi\u00e3o.<!--more--><\/span><\/p>\n<p style=\"text-align: justify;\"><span style=\"color: #ff0000;\">A dupla<\/span><span style=\"color: #808080;\">\u00a0<\/span><\/p>\n<p style=\"text-align: justify;\"><img loading=\"lazy\" decoding=\"async\" src=\"https:\/\/2.bp.blogspot.com\/-Kh4cByGuRNU\/T6LWoYa7HDI\/AAAAAAAAA6A\/BjwQv39GRWM\/s320\/_victor_20e_20leo_20div_608354013.jpg\" border=\"0\" alt=\"\" width=\"300\" height=\"226\" \/><\/p>\n<p style=\"text-align: justify;\"><span style=\"color: #888888;\">&#8220;A dupla durante show em Barretos.&#8221;<\/span><\/p>\n<p style=\"text-align: justify;\"><span style=\"color: #888888;\">Victor &amp; Leo s\u00e3o uma dupla de produtores, cantores, compositores, arranjadores e m\u00fasicos, que representam a continuidade renovada da m\u00fasica sertaneja, com um inconfund\u00edvel estilo que mescla folk, pop, romantismo e sertanejo de raiz.<\/span><\/p>\n<p style=\"text-align: justify;\"><span style=\"color: #808080;\"><span style=\"color: #888888;\">Em Abre Campo-MG, ainda crian\u00e7as, ouviam can\u00e7\u00f5es do regional sertanejo na radiola do av\u00f4, Tonico Chaves, tendo sido seu primeiro contato com a m\u00fasica, principalmente nas vozes de S\u00e9rgio Reis, Renato Teixeira, Almir Sater.<\/span><\/span><\/p>\n<p style=\"text-align: justify;\"><span style=\"color: #808080;\">Na adolesc\u00eancia, outras influ\u00eancias, nacionais e internacionais, surgiriam enquanto ouviam James Taylor, Neil Young, Alceu Valen\u00e7a, Z\u00e9 Ramalho, Eric Clapton, Dire Straits, entre outros.<\/span><\/p>\n<p style=\"text-align: justify;\"><span style=\"color: #808080;\">Iniciaram a carreira em 1992, na cidade de Abre Campo-MG. Em 1994 mudaram-se para Belo Horizonte \u2013 MG, onde permaneceram cantando na noite por sete anos. Neste per\u00edodo, estudaram canto por cinco anos.<\/span><\/p>\n<p style=\"text-align: justify;\"><span style=\"color: #808080;\">Em 2001, mudaram-se para S\u00e3o Paulo, onde cantaram na noite por mais seis anos e meio. Em meados de 2006, surgia de pessoa a pessoa, sem gravadora, o reconhecimento nacional. <\/span><span style=\"color: #808080;\"><span style=\"color: #808080;\">J\u00e1 lan\u00e7aram\u00a0<\/span><\/span><span style=\"color: #888888;\">9 CD\u2019s, 2 DVD\u2019s ao vivo e 1 Blu-ray, al\u00e9m de um DVD document\u00e1rio em espanhol e DVD Victor &amp; Leo &#8211; A Hist\u00f3ria, lan\u00e7ado em dezembro de 2010. S<\/span><span style=\"color: #808080;\"><span style=\"color: #808080;\">uas m\u00fasicas frequentemente s\u00e3o temas de novela. <\/span><\/span><\/p>\n<p style=\"text-align: justify;\"><span style=\"color: #888888;\">Em 2012, a m\u00fasica &#8220;N\u00e3o Mais&#8221; (CD Ao Vivo e em Cores) autoria de Victor Chaves, integra a trilha da novela &#8220;Cora\u00e7\u00f5es Feridos&#8221; do SBT.<\/span><\/p>\n<p style=\"text-align: justify;\"><span style=\"color: #ff0000;\">Programa\u00e7\u00e3o do evento:<\/span><\/p>\n<p style=\"text-align: justify;\"><span style=\"color: #808080;\">&#8220;A Prefeitura Municipal de Carangola e o Sindicato Rural est\u00e3o em constantes negocia\u00e7\u00f5es com empres\u00e1rios para defini\u00e7\u00e3o do quadro art\u00edstico deste evento. <\/span><span style=\"color: #808080;\">At\u00e9 o momento, apenas a Dupla sertaneja Victor\u00a0&amp; Leo est\u00e1 confirmada para o dia 27 de julho de 2012. Qualquer outro artista apresentado\u00a0\u00e9 mera especula\u00e7\u00e3o. Para contrata\u00e7\u00f5es art\u00edsticas \u00e9 preciso levar-se em considera\u00e7\u00e3o opini\u00e3o p\u00fablica, disponibilidade de agenda dos artistas, valores de cach\u00ea entre outros itens importantes&#8221;, informou o Secret\u00e1rio de Turismo,Vitor Hugo Cosenza Neves.<\/span><\/p>\n<p style=\"text-align: justify;\"><strong><span style=\"color: #808080;\">Por: Click Carangola<\/span><\/strong><\/p>\n","protected":false},"excerpt":{"rendered":"<p>A dupla Victor &amp; Leo est\u00e1 confirmada como atra\u00e7\u00e3o da 63\u00aa Exposi\u00e7\u00e3o Regional Agropecu\u00e1ria\u00a0e\u00a0Industrial\u00a0de\u00a0Carangola, que ser\u00e1 realizada entre os dias\u00a022 e\u00a029 de julho, no Parque de Exposi\u00e7\u00f5es Dr. Fernando Quint\u00e3o Hosken. Os cantores mineiros, que fazem sucesso em todo o pa\u00eds, v\u00e3o se apresentar na\u00a0sexta-feira (27). Em breve, ser\u00e1 divulgada a programa\u00e7\u00e3o completa da maior [&hellip;]<\/p>\n","protected":false},"author":2,"featured_media":0,"comment_status":"open","ping_status":"open","sticky":false,"template":"","format":"standard","meta":{"footnotes":""},"categories":[37],"tags":[],"class_list":["post-5279","post","type-post","status-publish","format-standard","hentry","category-carangola-mg"],"_links":{"self":[{"href":"https:\/\/clickcarangola.com.br\/site\/wp-json\/wp\/v2\/posts\/5279","targetHints":{"allow":["GET"]}}],"collection":[{"href":"https:\/\/clickcarangola.com.br\/site\/wp-json\/wp\/v2\/posts"}],"about":[{"href":"https:\/\/clickcarangola.com.br\/site\/wp-json\/wp\/v2\/types\/post"}],"author":[{"embeddable":true,"href":"https:\/\/clickcarangola.com.br\/site\/wp-json\/wp\/v2\/users\/2"}],"replies":[{"embeddable":true,"href":"https:\/\/clickcarangola.com.br\/site\/wp-json\/wp\/v2\/comments?post=5279"}],"version-history":[{"count":27,"href":"https:\/\/clickcarangola.com.br\/site\/wp-json\/wp\/v2\/posts\/5279\/revisions"}],"predecessor-version":[{"id":5284,"href":"https:\/\/clickcarangola.com.br\/site\/wp-json\/wp\/v2\/posts\/5279\/revisions\/5284"}],"wp:attachment":[{"href":"https:\/\/clickcarangola.com.br\/site\/wp-json\/wp\/v2\/media?parent=5279"}],"wp:term":[{"taxonomy":"category","embeddable":true,"href":"https:\/\/clickcarangola.com.br\/site\/wp-json\/wp\/v2\/categories?post=5279"},{"taxonomy":"post_tag","embeddable":true,"href":"https:\/\/clickcarangola.com.br\/site\/wp-json\/wp\/v2\/tags?post=5279"}],"curies":[{"name":"wp","href":"https:\/\/api.w.org\/{rel}","templated":true}]}}