{"id":5377,"date":"2012-05-08T11:18:32","date_gmt":"2012-05-08T14:18:32","guid":{"rendered":"https:\/\/clickcarangola.com.br\/site\/?p=5377"},"modified":"2012-05-08T11:53:03","modified_gmt":"2012-05-08T14:53:03","slug":"faculdades-vale-do-carangola-entre-as-100-melhores-instituicoes-do-pais","status":"publish","type":"post","link":"https:\/\/clickcarangola.com.br\/site\/08\/05\/2012\/faculdades-vale-do-carangola-entre-as-100-melhores-instituicoes-do-pais\/","title":{"rendered":"Faculdades Vale do Carangola entre as 100 melhores institui\u00e7\u00f5es do pa\u00eds"},"content":{"rendered":"<p style=\"text-align: justify;\"><span style=\"color: #888888;\"><img loading=\"lazy\" decoding=\"async\" id=\"il_fi\" class=\"alignleft\" src=\"https:\/\/t1.gstatic.com\/images?q=tbn:ANd9GcSO9kn9RI_jGiQxCXXYtLWLz0m457WVN5iFy4eA63p2TmhCWm-hxjRuLHmR\" alt=\"\" width=\"119\" height=\"101\" \/>H\u00e1 mais de 40 anos na educa\u00e7\u00e3o, a Favale &#8211; Faculdades Vale do Carangola se mostra cada vez mais firme e s\u00f3lida em sua trajet\u00f3ria educacional.<\/span><\/p>\n<p style=\"text-align: justify;\"><span style=\"color: #888888;\">De acordo com levantamento divulgado pela revista Exame, a institui\u00e7\u00e3o de ensino que se encontra em processo de estadualiza\u00e7\u00e3o est\u00e1 entre as 100 melhores do pa\u00eds.<!--more--><\/span><\/p>\n<p><span style=\"color: #888888;\">\u00a0<span style=\"color: #888888;\"><img loading=\"lazy\" decoding=\"async\" id=\"il_fi\" src=\"https:\/\/t1.gstatic.com\/images?q=tbn:ANd9GcSO9kn9RI_jGiQxCXXYtLWLz0m457WVN5iFy4eA63p2TmhCWm-hxjRuLHmR\" alt=\"\" width=\"300\" height=\"226\" \/><\/span><\/span><\/p>\n<p style=\"text-align: justify;\"><span style=\"color: #888888;\">&#8220;Faculdades Vale do Carangola se encontra na nonag\u00e9sima posi\u00e7\u00e3o do ranking.&#8221;<\/span><\/p>\n<p style=\"text-align: justify;\"><span style=\"color: #888888;\">A Favale est\u00e1 localizada em uma regi\u00e3o de desenvolvimento das mais importantes da Zona da Mata Mineira. Carangola representa nessa regi\u00e3o um p\u00f3lo significativo que lidera, econ\u00f4mica e culturalmente, um grande n\u00famero de munic\u00edpios. Os alunos da Favale v\u00eam de dezenas de cidades da Zona da Mata em busca de forma\u00e7\u00e3o no ensino superior.<\/span><\/p>\n<p style=\"text-align: justify;\"><span style=\"color: #888888;\">A Funda\u00e7\u00e3o FAFILE, mantenedora da FAVALE, \u00e9 uma unidade associada \u00e0 UEMG e, portanto recebem bolsas do PROUEMG, programas de bolsa de pesquisa e extens\u00e3o, al\u00e9m de outros benef\u00edcios.<\/span><\/p>\n<p style=\"text-align: justify;\"><span style=\"color: #888888;\">De acordo com Braz Cosenza, diretor da institui\u00e7\u00e3o, a estadualiza\u00e7\u00e3o plena da Favale, representa um dos maiores v\u00e9rtices de crescimento para Carangola, pois gera dinheiro r\u00e1pido, com percola\u00e7\u00e3o em todos os pontos do com\u00e9rcio.<\/span><\/p>\n<p style=\"text-align: justify;\"><span style=\"color: #888888;\">&#8220;O\u00a0aluno dorme, faz compra, vai \u00e0 farm\u00e1cia, vai ao m\u00e9dico, se diverte, etc\u2026, al\u00e9m da sustentabilidade ambiental (n\u00e3o gera polui\u00e7\u00e3o de uma grande empresa) e o mais importante, gera conhecimento e cultura&#8221;, afirma Braz.<\/span><\/p>\n<p style=\"text-align: justify;\"><span style=\"color: #ff0000;\">Sobre o levantamento<\/span><\/p>\n<p style=\"text-align: justify;\"><span style=\"color: #888888;\">Quando apenas a nota dos alunos no\u00a0Exame Nacional de Desempenho de Estudantes (ENADE) entra em cena, universidades brasileiras desconhecidas do grande p\u00fablico sobem para as melhores coloca\u00e7\u00f5es. \u00c9 o que revela levantamento feito pelo\u00a0economista Claudio de Moura Castro, Aldo Giuntini e Luciana Lima com base nos dados do Minist\u00e9rio da Educa\u00e7\u00e3o (MEC).<\/span><\/p>\n<p style=\"text-align: justify;\"><span style=\"color: #888888;\">Para se ter uma ideia, a Faculdade Arquidiocesana de Mariana, em Minas Gerais, \u00e9 a institui\u00e7\u00e3o campe\u00e3 de acordo com novo ranking presente no artigo \u201cAvalia\u00e7\u00e3o no ensino superior: acertos e derrapagens\u201d.<\/span><\/p>\n<p style=\"text-align: justify;\"><span style=\"color: #888888;\">Diferentemente do MEC que avalia a qualidade atrav\u00e9s do \u00cdndice Geral de Cursos (IGC), entre outros crit\u00e9rios, como a a opini\u00e3o dos alunos sobre a faculdade, o estudo coordenado pelo economista Claudio de Moura Castro chega a um ranking em que o desempenho na sala de aula \u2013 as notas do ENADE- \u00e9 o principal crit\u00e9rio.<\/span><\/p>\n<p style=\"text-align: justify;\"><span style=\"color: #888888;\">Para chegar aos 100 nomes que comp\u00f5em a lista, Castro e equipe calcularam a m\u00e9dia aritm\u00e9tica de notas de estudantes de uma mesma institui\u00e7\u00e3o.<\/span><\/p>\n<p style=\"text-align: justify;\"><span style=\"color: #888888;\">Como os dados utilizados para a an\u00e1lise foram as notas do ENADE, parte do Sistema Sistema Nacional de Avalia\u00e7\u00e3o da Educa\u00e7\u00e3o Superior (Sinaes) do MEC de 2008, que dependendo da \u00e1rea de conhecimento s\u00f3 acontece uma vez a cada quatro anos, o ranking n\u00e3o inclui as 2.377 unidades de ensino superior do pa\u00eds (n\u00famero de 2010). Apenas 1.682 participam da pesquisa.<\/span><\/p>\n<p style=\"text-align: justify;\"><span style=\"color: #888888;\">Curiosamente, 65% das melhores institui\u00e7\u00f5es, segundo esse crit\u00e9rio, \u00a0s\u00e3o privadas. Detalhe, muitas s\u00e3o afastadas dos grandes centros. Por outro lado, entre as 100 piores, a participa\u00e7\u00e3o de faculdades p\u00fablicas \u00e9 bem menor.<\/span><\/p>\n<p style=\"text-align: justify;\"><span style=\"color: #888888;\">Para Castro, que coordenou o estudo, o estudante deve buscar uma institui\u00e7\u00e3o que esteja bem posicionada em rankings, mas este n\u00e3o deve ser o \u00fanico crit\u00e9rio. \u201cUm indicador muito importante \u00e9 a nota do ENADE do curso, \u00e9 decisivo na hora da escolha\u201d, explica.<\/span><\/p>\n<p style=\"text-align: justify;\"><strong><span style=\"color: #888888;\">Por: Click Carangola<\/span><\/strong><\/p>\n","protected":false},"excerpt":{"rendered":"<p>H\u00e1 mais de 40 anos na educa\u00e7\u00e3o, a Favale &#8211; Faculdades Vale do Carangola se mostra cada vez mais firme e s\u00f3lida em sua trajet\u00f3ria educacional. De acordo com levantamento divulgado pela revista Exame, a institui\u00e7\u00e3o de ensino que se encontra em processo de estadualiza\u00e7\u00e3o est\u00e1 entre as 100 melhores do pa\u00eds.<\/p>\n","protected":false},"author":2,"featured_media":0,"comment_status":"open","ping_status":"open","sticky":false,"template":"","format":"standard","meta":{"footnotes":""},"categories":[37],"tags":[],"class_list":["post-5377","post","type-post","status-publish","format-standard","hentry","category-carangola-mg"],"_links":{"self":[{"href":"https:\/\/clickcarangola.com.br\/site\/wp-json\/wp\/v2\/posts\/5377","targetHints":{"allow":["GET"]}}],"collection":[{"href":"https:\/\/clickcarangola.com.br\/site\/wp-json\/wp\/v2\/posts"}],"about":[{"href":"https:\/\/clickcarangola.com.br\/site\/wp-json\/wp\/v2\/types\/post"}],"author":[{"embeddable":true,"href":"https:\/\/clickcarangola.com.br\/site\/wp-json\/wp\/v2\/users\/2"}],"replies":[{"embeddable":true,"href":"https:\/\/clickcarangola.com.br\/site\/wp-json\/wp\/v2\/comments?post=5377"}],"version-history":[{"count":8,"href":"https:\/\/clickcarangola.com.br\/site\/wp-json\/wp\/v2\/posts\/5377\/revisions"}],"predecessor-version":[{"id":5379,"href":"https:\/\/clickcarangola.com.br\/site\/wp-json\/wp\/v2\/posts\/5377\/revisions\/5379"}],"wp:attachment":[{"href":"https:\/\/clickcarangola.com.br\/site\/wp-json\/wp\/v2\/media?parent=5377"}],"wp:term":[{"taxonomy":"category","embeddable":true,"href":"https:\/\/clickcarangola.com.br\/site\/wp-json\/wp\/v2\/categories?post=5377"},{"taxonomy":"post_tag","embeddable":true,"href":"https:\/\/clickcarangola.com.br\/site\/wp-json\/wp\/v2\/tags?post=5377"}],"curies":[{"name":"wp","href":"https:\/\/api.w.org\/{rel}","templated":true}]}}