{"id":5386,"date":"2012-05-08T12:09:25","date_gmt":"2012-05-08T15:09:25","guid":{"rendered":"https:\/\/clickcarangola.com.br\/site\/?p=5386"},"modified":"2012-05-08T12:21:51","modified_gmt":"2012-05-08T15:21:51","slug":"prefeitura-confirma-show-de-victor-e-leo-na-63-expo-carangola","status":"publish","type":"post","link":"https:\/\/clickcarangola.com.br\/site\/08\/05\/2012\/prefeitura-confirma-show-de-victor-e-leo-na-63-expo-carangola\/","title":{"rendered":"Prefeitura confirma show de Victor &#038; Leo na 63\u00aa Exp\u00f4 Carangola"},"content":{"rendered":"<p style=\"color: #888888;\"><img loading=\"lazy\" decoding=\"async\" class=\"alignleft\" style=\"border: 0px;\" title=\"www.clickcarangola.com.br\" src=\"https:\/\/4.bp.blogspot.com\/-d6eHFHVUUcI\/T6gWc-DK88I\/AAAAAAAAC5s\/vmUvuHvQYxk\/s640\/DSC_0023.jpg\" border=\"0\" alt=\"\" width=\"300\" height=\"226\" \/><\/p>\n<p style=\"text-align: justify;\"><span style=\"color: #888888;\">A Prefeitura Municipal de Carangola confirmou\u00a0nesta segunda-feira, 07 de maio, a realiza\u00e7\u00e3o do show da dupla sertaneja Victor &amp; Leo na 63\u00aa Exposi\u00e7\u00e3o Regional Agropecu\u00e1ria e Industrial de Carangola.<\/span><\/p>\n<p style=\"text-align: justify;\"><span style=\"color: #888888;\">Os cantores mineiros, que fazem sucesso em todo o pa\u00eds, v\u00e3o se apresentar na\u00a0sexta-feira (27). Em breve, ser\u00e1 divulgada a programa\u00e7\u00e3o completa da maior festa da regi\u00e3o.<!--more--><\/span><\/p>\n<p style=\"text-align: justify;\"><span style=\"color: #888888;\">A\u00a063\u00aa Exposi\u00e7\u00e3o Regional Agropecu\u00e1ria\u00a0e\u00a0Industrial\u00a0de\u00a0Carangola ser\u00e1 realizada entre os dias\u00a022 e\u00a029 de julho, no Parque de Exposi\u00e7\u00f5es Dr. Fernando Quint\u00e3o Hosken. A entrada \u00e9 franca!<\/span><\/p>\n<p style=\"text-align: justify;\"><strong><span style=\"color: #888888;\">Por: Click Carangola<\/span><\/strong><\/p>\n","protected":false},"excerpt":{"rendered":"<p>A Prefeitura Municipal de Carangola confirmou\u00a0nesta segunda-feira, 07 de maio, a realiza\u00e7\u00e3o do show da dupla sertaneja Victor &amp; Leo na 63\u00aa Exposi\u00e7\u00e3o Regional Agropecu\u00e1ria e Industrial de Carangola. Os cantores mineiros, que fazem sucesso em todo o pa\u00eds, v\u00e3o se apresentar na\u00a0sexta-feira (27). Em breve, ser\u00e1 divulgada a programa\u00e7\u00e3o completa da maior festa da [&hellip;]<\/p>\n","protected":false},"author":2,"featured_media":0,"comment_status":"open","ping_status":"open","sticky":false,"template":"","format":"standard","meta":{"footnotes":""},"categories":[37],"tags":[],"class_list":["post-5386","post","type-post","status-publish","format-standard","hentry","category-carangola-mg"],"_links":{"self":[{"href":"https:\/\/clickcarangola.com.br\/site\/wp-json\/wp\/v2\/posts\/5386","targetHints":{"allow":["GET"]}}],"collection":[{"href":"https:\/\/clickcarangola.com.br\/site\/wp-json\/wp\/v2\/posts"}],"about":[{"href":"https:\/\/clickcarangola.com.br\/site\/wp-json\/wp\/v2\/types\/post"}],"author":[{"embeddable":true,"href":"https:\/\/clickcarangola.com.br\/site\/wp-json\/wp\/v2\/users\/2"}],"replies":[{"embeddable":true,"href":"https:\/\/clickcarangola.com.br\/site\/wp-json\/wp\/v2\/comments?post=5386"}],"version-history":[{"count":7,"href":"https:\/\/clickcarangola.com.br\/site\/wp-json\/wp\/v2\/posts\/5386\/revisions"}],"predecessor-version":[{"id":5388,"href":"https:\/\/clickcarangola.com.br\/site\/wp-json\/wp\/v2\/posts\/5386\/revisions\/5388"}],"wp:attachment":[{"href":"https:\/\/clickcarangola.com.br\/site\/wp-json\/wp\/v2\/media?parent=5386"}],"wp:term":[{"taxonomy":"category","embeddable":true,"href":"https:\/\/clickcarangola.com.br\/site\/wp-json\/wp\/v2\/categories?post=5386"},{"taxonomy":"post_tag","embeddable":true,"href":"https:\/\/clickcarangola.com.br\/site\/wp-json\/wp\/v2\/tags?post=5386"}],"curies":[{"name":"wp","href":"https:\/\/api.w.org\/{rel}","templated":true}]}}