{"id":5478,"date":"2012-05-13T17:54:29","date_gmt":"2012-05-13T20:54:29","guid":{"rendered":"https:\/\/clickcarangola.com.br\/site\/?p=5478"},"modified":"2012-05-14T11:20:29","modified_gmt":"2012-05-14T14:20:29","slug":"acidente-com-vitima-fatal-proximo-a-cidade-de-pedra-dourada","status":"publish","type":"post","link":"https:\/\/clickcarangola.com.br\/site\/13\/05\/2012\/acidente-com-vitima-fatal-proximo-a-cidade-de-pedra-dourada\/","title":{"rendered":"Acidente com v\u00edtima fatal pr\u00f3ximo a cidade de Pedra Dourada"},"content":{"rendered":"<p style=\"text-align: justify;\"><span style=\"color: #888888;\"><img loading=\"lazy\" decoding=\"async\" class=\"alignleft\" src=\"https:\/\/1.bp.blogspot.com\/-hA8ADtsqbi8\/T7EMlSR1tRI\/AAAAAAAAA7Q\/2c_iKdqtQXo\/s200\/Marco.jpg\" border=\"0\" alt=\"\" width=\"116\" height=\"145\" \/>Um homem morreu neste fim de semana em um acidente na sa\u00edda da cidade de Pedra Dourada. <\/span><span style=\"color: #888888;\">De acordo com a Pol\u00edcia Militar Rodovi\u00e1ria (PMR), o motorista do carro teria invadido a contram\u00e3o ao pegar a estrada que d\u00e1 acesso \u00e0 MG-111 e foi atingido por uma van.<\/span><\/p>\n<p style=\"text-align: justify;\"><span style=\"color: #888888;\">O motorista do carro Marco Ant\u00f4nio Pereira Leite, morreu na hora. O corpo foi encaminhado para o Instituto M\u00e9dico Legal (IML) de Barbacena.<!--more--><\/span><\/p>\n<p style=\"text-align: justify;\"><span style=\"color: #ff0000;\">Outras imagens:<\/span><\/p>\n<p style=\"text-align: justify;\"><span style=\"color: #ff0000;\"><img loading=\"lazy\" decoding=\"async\" style=\"border: 0px;\" src=\"https:\/\/1.bp.blogspot.com\/-SrB03T6lGzo\/T7EJUZwQZZI\/AAAAAAAAA6k\/TVS8A9KzBCU\/s320\/IMG_8484.JPG\" border=\"0\" alt=\"\" width=\"300\" height=\"226\" \/><\/span><\/p>\n<p style=\"text-align: justify;\"><span style=\"color: #ff0000;\"><img loading=\"lazy\" decoding=\"async\" style=\"border: 0px;\" src=\"https:\/\/2.bp.blogspot.com\/-eljWsqJ8MAE\/T7EJWxsRV0I\/AAAAAAAAA6s\/peDLjXXWjRM\/s320\/IMG_8485.JPG\" border=\"0\" alt=\"\" width=\"300\" height=\"226\" \/><\/span><\/p>\n<p style=\"text-align: justify;\"><span style=\"color: #ff0000;\"><img loading=\"lazy\" decoding=\"async\" style=\"border: 0px;\" src=\"https:\/\/3.bp.blogspot.com\/-Op1IEF_nAsQ\/T7EJZ220MFI\/AAAAAAAAA60\/uayTIvBoD5g\/s320\/IMG_8486.JPG\" border=\"0\" alt=\"\" width=\"300\" height=\"226\" \/><\/span><\/p>\n<p style=\"text-align: justify;\"><span style=\"color: #ff0000;\"><img loading=\"lazy\" decoding=\"async\" style=\"border: 0px;\" src=\"https:\/\/2.bp.blogspot.com\/-sBr-32FW5tk\/T7EJcXmdu8I\/AAAAAAAAA68\/NFFkNroIBXo\/s320\/IMG_8487.JPG\" border=\"0\" alt=\"\" width=\"300\" height=\"226\" \/><\/span><\/p>\n<p style=\"text-align: justify;\"><span style=\"color: #ff0000;\"><img loading=\"lazy\" decoding=\"async\" style=\"border: 0px;\" src=\"https:\/\/1.bp.blogspot.com\/-Y4qSMiepo6g\/T7EJebtw7FI\/AAAAAAAAA7E\/4Rcv3NtROhA\/s320\/IMG_8489.JPG\" border=\"0\" alt=\"\" width=\"300\" height=\"226\" \/><\/span><\/p>\n<p style=\"text-align: justify;\"><span style=\"color: #888888;\">Imagens: Blog O Combatente.<\/span><\/p>\n<p style=\"text-align: justify;\"><strong><span style=\"color: #888888;\">Por: Click Carangola<\/span><\/strong><\/p>\n","protected":false},"excerpt":{"rendered":"<p>Um homem morreu neste fim de semana em um acidente na sa\u00edda da cidade de Pedra Dourada. De acordo com a Pol\u00edcia Militar Rodovi\u00e1ria (PMR), o motorista do carro teria invadido a contram\u00e3o ao pegar a estrada que d\u00e1 acesso \u00e0 MG-111 e foi atingido por uma van. O motorista do carro Marco Ant\u00f4nio Pereira [&hellip;]<\/p>\n","protected":false},"author":2,"featured_media":0,"comment_status":"open","ping_status":"open","sticky":false,"template":"","format":"standard","meta":{"footnotes":""},"categories":[54],"tags":[],"class_list":["post-5478","post","type-post","status-publish","format-standard","hentry","category-pedradourada-mg"],"_links":{"self":[{"href":"https:\/\/clickcarangola.com.br\/site\/wp-json\/wp\/v2\/posts\/5478","targetHints":{"allow":["GET"]}}],"collection":[{"href":"https:\/\/clickcarangola.com.br\/site\/wp-json\/wp\/v2\/posts"}],"about":[{"href":"https:\/\/clickcarangola.com.br\/site\/wp-json\/wp\/v2\/types\/post"}],"author":[{"embeddable":true,"href":"https:\/\/clickcarangola.com.br\/site\/wp-json\/wp\/v2\/users\/2"}],"replies":[{"embeddable":true,"href":"https:\/\/clickcarangola.com.br\/site\/wp-json\/wp\/v2\/comments?post=5478"}],"version-history":[{"count":18,"href":"https:\/\/clickcarangola.com.br\/site\/wp-json\/wp\/v2\/posts\/5478\/revisions"}],"predecessor-version":[{"id":5500,"href":"https:\/\/clickcarangola.com.br\/site\/wp-json\/wp\/v2\/posts\/5478\/revisions\/5500"}],"wp:attachment":[{"href":"https:\/\/clickcarangola.com.br\/site\/wp-json\/wp\/v2\/media?parent=5478"}],"wp:term":[{"taxonomy":"category","embeddable":true,"href":"https:\/\/clickcarangola.com.br\/site\/wp-json\/wp\/v2\/categories?post=5478"},{"taxonomy":"post_tag","embeddable":true,"href":"https:\/\/clickcarangola.com.br\/site\/wp-json\/wp\/v2\/tags?post=5478"}],"curies":[{"name":"wp","href":"https:\/\/api.w.org\/{rel}","templated":true}]}}