{"id":550,"date":"2011-09-16T09:00:09","date_gmt":"2011-09-16T12:00:09","guid":{"rendered":"https:\/\/clickcarangola.com.br\/site\/?p=550"},"modified":"2011-12-11T11:10:41","modified_gmt":"2011-12-11T14:10:41","slug":"caminhao-tomba-na-br-116-em-manhuacu","status":"publish","type":"post","link":"https:\/\/clickcarangola.com.br\/site\/16\/09\/2011\/caminhao-tomba-na-br-116-em-manhuacu\/","title":{"rendered":"Caminh\u00e3o tomba na BR-116 em Manhua\u00e7u"},"content":{"rendered":"<p style=\"text-align: justify;\"><span style=\"color: #808080;\"><img loading=\"lazy\" decoding=\"async\" class=\"size-medium wp-image-559 alignleft\" src=\"https:\/\/clickcarangola.com.br\/site\/wp-content\/uploads\/2011\/09\/Caminh\u00e3o_011-300x225.jpg\" alt=\"\" width=\"300\" height=\"226\" srcset=\"https:\/\/clickcarangola.com.br\/site\/wp-content\/uploads\/2011\/09\/Caminh\u00e3o_011-300x225.jpg 300w, https:\/\/clickcarangola.com.br\/site\/wp-content\/uploads\/2011\/09\/Caminh\u00e3o_011-100x75.jpg 100w, https:\/\/clickcarangola.com.br\/site\/wp-content\/uploads\/2011\/09\/Caminh\u00e3o_011.jpg 320w\" sizes=\"auto, (max-width: 300px) 100vw, 300px\" \/>O motorista Nelson Clemente, 41 anos, perdeu o controle de seu caminh\u00e3o VW 8.150, placa HCQ-3054 de Manhua\u00e7u, ao entrar na curva localizada no meio de uma pequena serra entre os distritos de S\u00e3o Pedro do Ava\u00ed e Vilanova, em Manhua\u00e7u. O acidente ocorreu \u00e0s 6:30 desta quinta, no km 584,4 da rodovia BR-116.<\/span><\/p>\n<p style=\"text-align: justify;\"><span style=\"color: #808080;\">De acordo com as informa\u00e7\u00f5es de Nelson, ca\u00eda uma chuva fina no local. Quando entrou na curva, descendo a serra, notou que seu ve\u00edculo deslizou e saiu da pista, tombando alguns metros fora da estrada. Ele seguia de Manhua\u00e7u com destino a Governador Valadares e n\u00e3o teve ferimentos.<!--more--><\/span><\/p>\n<p style=\"text-align: justify;\"><span style=\"color: #808080;\">O trabalho para retirada do caminh\u00e3o paralisou a rodovia por aproximadamente trinta minutos no sentido S\u00e3o Pedro do Ava\u00ed para Realeza, causando um congestionamento de mais de dois quil\u00f4metros. A carga foi colocada em outro caminh\u00e3o da empresa.<\/span><\/p>\n<p style=\"text-align: justify;\"><span style=\"color: #808080;\">A ocorr\u00eancia foi registrada pelos agentes Kildare e Lugon, da Pol\u00edcia Rodovi\u00e1ria Federal (PRF) de Realeza.<\/span><\/p>\n<p style=\"text-align: justify;\"><span style=\"color: #ff0000;\">Confira as imagens:<\/span><\/p>\n<p style=\"text-align: justify;\"><span style=\"color: #808080;\"><img loading=\"lazy\" decoding=\"async\" class=\"alignnone size-medium wp-image-560\" src=\"https:\/\/clickcarangola.com.br\/site\/wp-content\/uploads\/2011\/09\/Caminh\u00e3o_021-300x225.jpg\" alt=\"\" width=\"300\" height=\"226\" srcset=\"https:\/\/clickcarangola.com.br\/site\/wp-content\/uploads\/2011\/09\/Caminh\u00e3o_021-300x225.jpg 300w, https:\/\/clickcarangola.com.br\/site\/wp-content\/uploads\/2011\/09\/Caminh\u00e3o_021-100x75.jpg 100w, https:\/\/clickcarangola.com.br\/site\/wp-content\/uploads\/2011\/09\/Caminh\u00e3o_021.jpg 320w\" sizes=\"auto, (max-width: 300px) 100vw, 300px\" \/><img loading=\"lazy\" decoding=\"async\" class=\"alignnone size-medium wp-image-561\" src=\"https:\/\/clickcarangola.com.br\/site\/wp-content\/uploads\/2011\/09\/Caminh\u00e3o_031-300x225.jpg\" alt=\"\" width=\"300\" height=\"226\" srcset=\"https:\/\/clickcarangola.com.br\/site\/wp-content\/uploads\/2011\/09\/Caminh\u00e3o_031-300x225.jpg 300w, https:\/\/clickcarangola.com.br\/site\/wp-content\/uploads\/2011\/09\/Caminh\u00e3o_031-100x75.jpg 100w, https:\/\/clickcarangola.com.br\/site\/wp-content\/uploads\/2011\/09\/Caminh\u00e3o_031.jpg 319w\" sizes=\"auto, (max-width: 300px) 100vw, 300px\" \/><\/span><\/p>\n<p style=\"text-align: justify;\"><span style=\"color: #808080;\">Informa\u00e7\u00f5es: Portal Realeza.<\/span><\/p>\n<p style=\"text-align: justify;\"><span style=\"color: #888888;\"><strong>Por: Click Carangola<\/strong><\/span><\/p>\n<p><span style=\"color: #888888;\">\u00bb Envie not\u00edcias, sugest\u00f5es, den\u00fancias, cr\u00edticas e pedidos para a nossa\u00a0equipe \u2013 <\/span><span style=\"color: #888888;\"><a href=\"mailto:clickcarangola@gmail.com\">clickcarangola@gmail.com<\/a><\/span><\/p>\n","protected":false},"excerpt":{"rendered":"<p>O motorista Nelson Clemente, 41 anos, perdeu o controle de seu caminh\u00e3o VW 8.150, placa HCQ-3054 de Manhua\u00e7u, ao entrar na curva localizada no meio de uma pequena serra entre os distritos de S\u00e3o Pedro do Ava\u00ed e Vilanova, em Manhua\u00e7u. O acidente ocorreu \u00e0s 6:30 desta quinta, no km 584,4 da rodovia BR-116. De [&hellip;]<\/p>\n","protected":false},"author":2,"featured_media":0,"comment_status":"open","ping_status":"open","sticky":false,"template":"","format":"standard","meta":{"footnotes":""},"categories":[1],"tags":[],"class_list":["post-550","post","type-post","status-publish","format-standard","hentry","category-regional"],"_links":{"self":[{"href":"https:\/\/clickcarangola.com.br\/site\/wp-json\/wp\/v2\/posts\/550","targetHints":{"allow":["GET"]}}],"collection":[{"href":"https:\/\/clickcarangola.com.br\/site\/wp-json\/wp\/v2\/posts"}],"about":[{"href":"https:\/\/clickcarangola.com.br\/site\/wp-json\/wp\/v2\/types\/post"}],"author":[{"embeddable":true,"href":"https:\/\/clickcarangola.com.br\/site\/wp-json\/wp\/v2\/users\/2"}],"replies":[{"embeddable":true,"href":"https:\/\/clickcarangola.com.br\/site\/wp-json\/wp\/v2\/comments?post=550"}],"version-history":[{"count":26,"href":"https:\/\/clickcarangola.com.br\/site\/wp-json\/wp\/v2\/posts\/550\/revisions"}],"predecessor-version":[{"id":51687,"href":"https:\/\/clickcarangola.com.br\/site\/wp-json\/wp\/v2\/posts\/550\/revisions\/51687"}],"wp:attachment":[{"href":"https:\/\/clickcarangola.com.br\/site\/wp-json\/wp\/v2\/media?parent=550"}],"wp:term":[{"taxonomy":"category","embeddable":true,"href":"https:\/\/clickcarangola.com.br\/site\/wp-json\/wp\/v2\/categories?post=550"},{"taxonomy":"post_tag","embeddable":true,"href":"https:\/\/clickcarangola.com.br\/site\/wp-json\/wp\/v2\/tags?post=550"}],"curies":[{"name":"wp","href":"https:\/\/api.w.org\/{rel}","templated":true}]}}