{"id":5516,"date":"2012-05-14T15:00:47","date_gmt":"2012-05-14T18:00:47","guid":{"rendered":"https:\/\/clickcarangola.com.br\/site\/?p=5516"},"modified":"2012-05-14T17:23:48","modified_gmt":"2012-05-14T20:23:48","slug":"pesquisa-vai-apontar-as-condicoes-da-saude-bucal-em-municipios-da-zona-da-mata","status":"publish","type":"post","link":"https:\/\/clickcarangola.com.br\/site\/14\/05\/2012\/pesquisa-vai-apontar-as-condicoes-da-saude-bucal-em-municipios-da-zona-da-mata\/","title":{"rendered":"Pesquisa vai apontar as condi\u00e7\u00f5es da sa\u00fade bucal em munic\u00edpios da Zona da Mata"},"content":{"rendered":"<p style=\"color: #888888;\"><img loading=\"lazy\" decoding=\"async\" class=\"alignleft\" src=\"https:\/\/www.agenciaminas.mg.gov.br\/media\/portal\/imagens\/2012\/05\/cache\/pesquisa-vai-apontar-as-condicoes-da-saude-bucal-em-municipios-do-sul-de-minas_n_i_left.jpg\" alt=\"\" width=\"125\" height=\"125\" \/><\/p>\n<p style=\"text-align: justify;\"><span style=\"color: #888888;\">Os moradores de Arantina, Cataguases, Juiz de Fora, Paula C\u00e2ndido, Pedra Bonita, Ros\u00e1rio da Limeira, Simon\u00e9sia e Ub\u00e1, na Zona da Mata, est\u00e3o inclu\u00eddos na pesquisa que a Secretaria de Estado de Sa\u00fade de Minas Gerais (SES-MG) vai realizar em todo o Estado para mapear as condi\u00e7\u00f5es da sa\u00fade bucal da popula\u00e7\u00e3o mineira.<\/span><\/p>\n<p style=\"text-align: justify;\"><span style=\"color: #888888;\">O inqu\u00e9rito epidemiol\u00f3gico, que recebe o apoio das prefeituras, est\u00e1 sendo feito desde o final de abril e vai permitir a identifica\u00e7\u00e3o dos problemas bucais mais frequentes, a fim de diagnosticar as necessidades e, assim formular a\u00e7\u00f5es de preven\u00e7\u00e3o, tratamentos e reabilita\u00e7\u00e3o adequados \u00e0 realidade das comunidades.<!--more-->\u00a0<\/span><\/p>\n<p style=\"text-align: justify;\"><span style=\"color: #888888;\"><img loading=\"lazy\" decoding=\"async\" src=\"https:\/\/www.agenciaminas.mg.gov.br\/media\/portal\/imagens\/2012\/05\/cache\/pesquisa-vai-apontar-as-condicoes-da-saude-bucal-em-municipios-do-sul-de-minas_n_i_left.jpg\" alt=\"\" width=\"300\" height=\"226\" \/><\/span><\/p>\n<p style=\"text-align: justify;\"><span style=\"color: #888888;\">&#8220;Projeto ser\u00e1 realizado em\u00a0oito cidades da Zona da Mata.&#8221;<\/span><\/p>\n<p style=\"text-align: justify;\"><span style=\"color: #888888;\">A pesquisa abrange outros 52 munic\u00edpios\u00a0mineiros. Em cada um deles ser\u00e3o feitos cerca de 100 exames, totalizando, aproximadamente, seis mil no Estado. De acordo com a diretora de Sa\u00fade Bucal da SES-MG, Daniele Lopes Leal, a pesquisa vai fortalecer a Pol\u00edtica de Sa\u00fade Bucal, que vem sendo delineada no Estado.<\/span><\/p>\n<p style=\"text-align: justify;\"><span style=\"color: #888888;\">\u201cO projeto Sa\u00fade Bucal Minas Gerais vai trazer como resultado o diagn\u00f3stico epidemiol\u00f3gico de Sa\u00fade Bucal da popula\u00e7\u00e3o mineira, a partir do qual ser\u00e3o formuladas a\u00e7\u00f5es que contemplem esta popula\u00e7\u00e3o com o desenvolvimento de programas de \u00e2mbito estadual\u201d, explica. <\/span><\/p>\n<p style=\"text-align: justify;\"><span style=\"color: #888888;\">Durante a pesquisa, al\u00e9m dos \u00edndices tradicionais de aferi\u00e7\u00e3o das doen\u00e7as bucais, ser\u00e1 aplicado, tamb\u00e9m, um question\u00e1rio para analisar problemas como c\u00e1rie, doen\u00e7a periodontal, oclusopatias, fluorose (intoxica\u00e7\u00e3o pelo fl\u00faor e seus derivados), entre outras, no sentido de se verificar, al\u00e9m da preval\u00eancia, a extens\u00e3o da gravidade dos problemas.<\/span><\/p>\n<p style=\"text-align: justify;\"><span style=\"color: #888888;\">Segundo a diretora Daniele Leal, a Pol\u00edtica Nacional de Sa\u00fade Bucal determina a realiza\u00e7\u00e3o de estudos epidemiol\u00f3gicos desse porte como parte componente da Vigil\u00e2ncia em Sa\u00fade. \u201cA nossa proposta \u00e9 realizar pesquisas desse tipo a cada 10 anos, com o intuito de avaliar as altera\u00e7\u00f5es no quadro epidemiol\u00f3gico da popula\u00e7\u00e3o\u201d, afirma.<\/span><\/p>\n<p style=\"text-align: justify;\"><span style=\"color: #888888;\">O projeto tem financiamento da SES-MG, por meio da Diretoria de Sa\u00fade Bucal, no valor de R$ 168 mil, a ser investido no pagamento de pessoal e ressarcimento de despesas de deslocamento. Al\u00e9m disso, o munic\u00edpio recebe\u00a0todo o material para realiza\u00e7\u00e3o dos exames e capacita\u00e7\u00e3o.<\/span><\/p>\n<p style=\"text-align: justify;\"><span style=\"color: #888888;\">\u201cOs munic\u00edpios investem disponibilizando os profissionais para a pesquisa. E o Minist\u00e9rio da Sa\u00fade \u00e9 parceiro no processo, uma vez que toda a metodologia do projeto \u00e9 do Minist\u00e9rio\u201d, acrescenta a diretora de Sa\u00fade Bucal, Daniele Leal.<\/span><\/p>\n<p style=\"text-align: justify;\"><span style=\"color: #888888;\">Para execu\u00e7\u00e3o do projeto, os munic\u00edpios participantes contam com um examinador, um anotador e um coordenador municipal, sendo que os exames epidemiol\u00f3gicos s\u00e3o realizados por Cirurgi\u00f5es Dentistas.<\/span><\/p>\n<p style=\"text-align: justify;\"><span style=\"color: #ff0000;\">Metodologia de pesquisa<\/span><\/p>\n<p style=\"text-align: justify;\"><span style=\"color: #888888;\">Durante a pesquisa, o cirurgi\u00e3o dentista vai percorrer a cidade e examinar, em domic\u00edlio, o morador que se interessar em participar voluntariamente do Projeto, sendo aptas a participar da pesquisa, pessoas com idades de 05 e 12 anos e das faixas et\u00e1rias de 15 a 19, 35 a 44 e 65 a 74 anos.<\/span><\/p>\n<p style=\"text-align: justify;\"><span style=\"color: #888888;\">O projeto segue a metodologia do\u00a0<\/span><span style=\"color: #888888;\">SB Brasil 2010<\/span><span style=\"color: #888888;\">, do Minist\u00e9rio da Sa\u00fade, e conta com a colabora\u00e7\u00e3o da Pontif\u00edcia Universidade Cat\u00f3lica de Minas Gerais (PUC-MG), que vai avaliar os resultados atrav\u00e9s do Conselho de \u00c9tica em Pesquisa. Outra institui\u00e7\u00e3o a avaliar o resultado da pesquisa ser\u00e1 o Comit\u00ea de \u00c9tica em Pesquisa cadastrado junto \u00e0 Comiss\u00e3o Nacional de \u00c9tica em Pesquisa (CONEP). Com informa\u00e7\u00f5es de Camila Vaz.<\/span><\/p>\n<p style=\"text-align: justify;\"><strong><span style=\"color: #888888;\">Por: Click Carangola<\/span><\/strong><\/p>\n","protected":false},"excerpt":{"rendered":"<p>Os moradores de Arantina, Cataguases, Juiz de Fora, Paula C\u00e2ndido, Pedra Bonita, Ros\u00e1rio da Limeira, Simon\u00e9sia e Ub\u00e1, na Zona da Mata, est\u00e3o inclu\u00eddos na pesquisa que a Secretaria de Estado de Sa\u00fade de Minas Gerais (SES-MG) vai realizar em todo o Estado para mapear as condi\u00e7\u00f5es da sa\u00fade bucal da popula\u00e7\u00e3o mineira. O inqu\u00e9rito [&hellip;]<\/p>\n","protected":false},"author":2,"featured_media":0,"comment_status":"open","ping_status":"open","sticky":false,"template":"","format":"standard","meta":{"footnotes":""},"categories":[1],"tags":[],"class_list":["post-5516","post","type-post","status-publish","format-standard","hentry","category-regional"],"_links":{"self":[{"href":"https:\/\/clickcarangola.com.br\/site\/wp-json\/wp\/v2\/posts\/5516","targetHints":{"allow":["GET"]}}],"collection":[{"href":"https:\/\/clickcarangola.com.br\/site\/wp-json\/wp\/v2\/posts"}],"about":[{"href":"https:\/\/clickcarangola.com.br\/site\/wp-json\/wp\/v2\/types\/post"}],"author":[{"embeddable":true,"href":"https:\/\/clickcarangola.com.br\/site\/wp-json\/wp\/v2\/users\/2"}],"replies":[{"embeddable":true,"href":"https:\/\/clickcarangola.com.br\/site\/wp-json\/wp\/v2\/comments?post=5516"}],"version-history":[{"count":4,"href":"https:\/\/clickcarangola.com.br\/site\/wp-json\/wp\/v2\/posts\/5516\/revisions"}],"predecessor-version":[{"id":5518,"href":"https:\/\/clickcarangola.com.br\/site\/wp-json\/wp\/v2\/posts\/5516\/revisions\/5518"}],"wp:attachment":[{"href":"https:\/\/clickcarangola.com.br\/site\/wp-json\/wp\/v2\/media?parent=5516"}],"wp:term":[{"taxonomy":"category","embeddable":true,"href":"https:\/\/clickcarangola.com.br\/site\/wp-json\/wp\/v2\/categories?post=5516"},{"taxonomy":"post_tag","embeddable":true,"href":"https:\/\/clickcarangola.com.br\/site\/wp-json\/wp\/v2\/tags?post=5516"}],"curies":[{"name":"wp","href":"https:\/\/api.w.org\/{rel}","templated":true}]}}