{"id":5523,"date":"2012-05-15T08:20:29","date_gmt":"2012-05-15T11:20:29","guid":{"rendered":"https:\/\/clickcarangola.com.br\/site\/?p=5523"},"modified":"2012-05-15T16:07:55","modified_gmt":"2012-05-15T19:07:55","slug":"rapper-emicida-e-ouvido-e-liberado-apos-ser-preso-durante-show","status":"publish","type":"post","link":"https:\/\/clickcarangola.com.br\/site\/15\/05\/2012\/rapper-emicida-e-ouvido-e-liberado-apos-ser-preso-durante-show\/","title":{"rendered":"Rapper Emicida \u00e9 ouvido e liberado ap\u00f3s ser preso durante show"},"content":{"rendered":"<p style=\"text-align: justify;\"><span style=\"color: #888888;\"><img loading=\"lazy\" decoding=\"async\" class=\"alignleft\" src=\"https:\/\/www.freewords.com.br\/wp-content\/gallery\/emicida\/rapper-emicida-9-pelhor-blog.jpg\" alt=\"\" width=\"125\" height=\"125\" \/>O rapper paulistano Emicida foi ouvido e liberado, por volta das 22h40, ap\u00f3s ter sido preso por desacato \u00e0 autoridade no final de um show, nesse domingo, 13, em Belo Horizonte (MG). O cantor teria\u00a0incitado o p\u00fablico a fazer gestos obscenos para Pol\u00edcia Militar.<\/span><\/p>\n<p style=\"text-align: justify;\"><span style=\"color: #888888;\">A apresenta\u00e7\u00e3o, gratuita, fazia parte do festival Palco Hip Hop, na regi\u00e3o do Barreiro, periferia da capital mineira. O pr\u00f3prio artista informou sobre a pris\u00e3o pelo Twitter.\u00a0&#8220;Fui preso por desacato \u00e0 autoridade ap\u00f3s o show em BH por causa da m\u00fasica Dedo na Ferida&#8221;, disse em sua p\u00e1gina no microblog.<!--more--><\/span><\/p>\n<p style=\"text-align: justify;\"><span style=\"color: #888888;\"><img loading=\"lazy\" decoding=\"async\" src=\"https:\/\/www.freewords.com.br\/wp-content\/gallery\/emicida\/rapper-emicida-9-pelhor-blog.jpg\" alt=\"\" width=\"300\" height=\"226\" \/><\/span><\/p>\n<p style=\"text-align: justify;\"><span style=\"color: #888888;\">&#8220;Cantor teria incitado o p\u00fablico a fazer gestos obscenos para Pol\u00edcia Militar no fim da apresenta\u00e7\u00e3o.&#8221;<\/span><\/p>\n<p style=\"text-align: justify;\"><span style=\"color: #888888;\">Na sexta-feira, 11, a PM de Minas Gerais cumpriu uma liminar de reintegra\u00e7\u00e3o de posse e despejou as fam\u00edlias que ocupavam a localidade de Eliana Silva.\u00a0&#8220;Antes de mais nada, somos todos Eliana Silva, certo? Levanta o seu dedo do meio pra pol\u00edcia que desocupa as fam\u00edlias mais humildes. Levanta seu dedo do meio pros pol\u00edticos que n\u00e3o respeitam a popula\u00e7\u00e3o e v\u00eam com n\u00f3is nessa aqui, \u00f3. Mandando todos eles se foder, certo BH? A rua \u00e9 n\u00f3is&#8221;, disse o rapper antes de come\u00e7ar a cantar &#8220;Dedo na Ferida&#8221;.<\/span><\/p>\n<p style=\"text-align: justify;\"><span style=\"color: #888888;\">Para a PM, ao incitar o p\u00fablico a fazer gestos obscenos para a PM e para pol\u00edticos durante a execu\u00e7\u00e3o da m\u00fasica, o rapper cometeu desacato \u00e0 autoridade.\u00a0Segundo a assessoria de imprensa da pol\u00edcia, houve a preocupa\u00e7\u00e3o de que a atitude de Emicida levasse o p\u00fablico a praticar atos de vandalismo. O rapper foi encaminhado para a 36\u00aa Delegacia Seccional do Barreiro ap\u00f3s o t\u00e9rmino do show.<\/span><\/p>\n<p style=\"text-align: justify;\"><span style=\"color: #888888;\">Por volta das 21h20, as hashtags #LiberdadeEmicida e #dedonaferida estavam entre os dez assuntos mais comentados no Twitter. <\/span><\/p>\n<p style=\"text-align: justify;\"><strong><span style=\"color: #888888;\">Por: Click Carangola<\/span><\/strong><\/p>\n","protected":false},"excerpt":{"rendered":"<p>O rapper paulistano Emicida foi ouvido e liberado, por volta das 22h40, ap\u00f3s ter sido preso por desacato \u00e0 autoridade no final de um show, nesse domingo, 13, em Belo Horizonte (MG). O cantor teria\u00a0incitado o p\u00fablico a fazer gestos obscenos para Pol\u00edcia Militar. A apresenta\u00e7\u00e3o, gratuita, fazia parte do festival Palco Hip Hop, na [&hellip;]<\/p>\n","protected":false},"author":2,"featured_media":0,"comment_status":"open","ping_status":"open","sticky":false,"template":"","format":"standard","meta":{"footnotes":""},"categories":[1],"tags":[],"class_list":["post-5523","post","type-post","status-publish","format-standard","hentry","category-regional"],"_links":{"self":[{"href":"https:\/\/clickcarangola.com.br\/site\/wp-json\/wp\/v2\/posts\/5523","targetHints":{"allow":["GET"]}}],"collection":[{"href":"https:\/\/clickcarangola.com.br\/site\/wp-json\/wp\/v2\/posts"}],"about":[{"href":"https:\/\/clickcarangola.com.br\/site\/wp-json\/wp\/v2\/types\/post"}],"author":[{"embeddable":true,"href":"https:\/\/clickcarangola.com.br\/site\/wp-json\/wp\/v2\/users\/2"}],"replies":[{"embeddable":true,"href":"https:\/\/clickcarangola.com.br\/site\/wp-json\/wp\/v2\/comments?post=5523"}],"version-history":[{"count":7,"href":"https:\/\/clickcarangola.com.br\/site\/wp-json\/wp\/v2\/posts\/5523\/revisions"}],"predecessor-version":[{"id":5525,"href":"https:\/\/clickcarangola.com.br\/site\/wp-json\/wp\/v2\/posts\/5523\/revisions\/5525"}],"wp:attachment":[{"href":"https:\/\/clickcarangola.com.br\/site\/wp-json\/wp\/v2\/media?parent=5523"}],"wp:term":[{"taxonomy":"category","embeddable":true,"href":"https:\/\/clickcarangola.com.br\/site\/wp-json\/wp\/v2\/categories?post=5523"},{"taxonomy":"post_tag","embeddable":true,"href":"https:\/\/clickcarangola.com.br\/site\/wp-json\/wp\/v2\/tags?post=5523"}],"curies":[{"name":"wp","href":"https:\/\/api.w.org\/{rel}","templated":true}]}}