{"id":5533,"date":"2012-05-16T06:00:04","date_gmt":"2012-05-16T09:00:04","guid":{"rendered":"https:\/\/clickcarangola.com.br\/site\/?p=5533"},"modified":"2012-05-16T11:18:10","modified_gmt":"2012-05-16T14:18:10","slug":"maior-parte-dos-turistas-que-visitam-a-zona-da-mata-busca-lazer","status":"publish","type":"post","link":"https:\/\/clickcarangola.com.br\/site\/16\/05\/2012\/maior-parte-dos-turistas-que-visitam-a-zona-da-mata-busca-lazer\/","title":{"rendered":"Maior parte dos turistas que visitam a Zona da Mata busca lazer"},"content":{"rendered":"<p style=\"color: #888888;\"><img loading=\"lazy\" decoding=\"async\" class=\"alignleft\" src=\"https:\/\/www.agenciaminas.mg.gov.br\/media\/portal\/imagens\/2012\/05\/cache\/maior-parte-dos-turistas-que-visitam-a-zona-da-mata-busca-lazer_n_i_left.JPG\" alt=\"\" width=\"125\" height=\"125\" \/><\/p>\n<p style=\"text-align: justify;\"><span style=\"color: #888888;\">A maior parte dos turistas que visitaram a Zona da Mata em 2011, viajou a passeio. A constata\u00e7\u00e3o foi feita pela Pesquisa de Demanda Tur\u00edstica, realizada pela Secretaria de Estado de Turismo de Minas Gerais (Setur). Os dados mostram que 54,7% dos visitantes optaram pela regi\u00e3o para o lazer.<\/span><\/p>\n<p style=\"text-align: justify;\"><span style=\"color: #888888;\">O principal atrativo s\u00e3o as atividades de ecoturismo, que alcan\u00e7aram 70% da prefer\u00eancia. Os circuitos do Pico da Bandeira e da Serra do Ibitipoca est\u00e3o entre os mais procurados na regi\u00e3o.<!--more--><\/span><\/p>\n<p style=\"text-align: justify;\"><span style=\"color: #888888;\"><img loading=\"lazy\" decoding=\"async\" src=\"https:\/\/www.agenciaminas.mg.gov.br\/media\/portal\/imagens\/2012\/05\/cache\/maior-parte-dos-turistas-que-visitam-a-zona-da-mata-busca-lazer_n_i_left.JPG\" alt=\"\" width=\"300\" height=\"226\" \/><\/span><\/p>\n<p style=\"text-align: justify;\"><span style=\"color: #888888;\">&#8220;Parque Estadual do Ibitipoca, na Zona da Mata.&#8221;<\/span><\/p>\n<p style=\"text-align: justify;\"><span style=\"color: #888888;\">O Pico da Bandeira est\u00e1 localizado no Parque Nacional do Capara\u00f3, na Serra do Capara\u00f3, na divisa entre os munic\u00edpios de Alto Capara\u00f3 (MG) e Ibitirama (ES). O Pico \u00e9 o ponto mais alto dos dois estados, assim como de toda a Regi\u00e3o Sudeste do Brasil. \u00c9 tamb\u00e9m o terceiro ponto mais alto do Pa\u00eds, com 2.891,98 metros de altitude.<\/span><\/p>\n<p style=\"text-align: justify;\"><span style=\"color: #888888;\">Integra o circuito tur\u00edstico, al\u00e9m das duas cidades: Alto Jequitib\u00e1, Caiana, Capara\u00f3, Carangola, Dores do Rio Preto (no Esp\u00edrito Santo), Durand\u00e9, Espera Feliz, Faria Lemos, Luisburgo, Manhua\u00e7u, Manhumirim, Martins Soares, Mutum, Pedra Dourada, Reduto, Santana do Manhua\u00e7u, S\u00e3o Jo\u00e3o do Manhua\u00e7u, Simon\u00e9sia e Tombos. A pesquisa mensurou o n\u00edvel de satisfa\u00e7\u00e3o dos visitantes do Pico da Bandeira e o resultado foi equivalente \u00e0 nota oito.<\/span><\/p>\n<p style=\"text-align: justify;\"><span style=\"color: #888888;\">J\u00e1 o Circuito Serras do Ibitipoca, localizado em uma das mais belas regi\u00f5es da Serra da Mantiqueira, \u00e9 privilegiado por belezas naturais que proporcionam paisagens inesquec\u00edveis. \u00c9 o lugar perfeito para contempla\u00e7\u00e3o, aventura, descanso e belas fotografias. O circuito alcan\u00e7ou a nota de 8,4, a maior da Zona da Mata, e \u00e9 composto pelos munic\u00edpios de Lima Duarte (Distritos: Sede, Concei\u00e7\u00e3o de Ibitipoca, S\u00e3o Domingos da Bocaina e Lopes), Bias Fortes, Bom Jardim de Minas, Ibertioga, Santana do Garamb\u00e9u, Pedro Teixeira, Rio Preto, Santa Rita de Ibitipoca e Santa Rita de Jacutinga.<\/span><\/p>\n<p style=\"text-align: justify;\"><span style=\"color: #ff0000;\">Perfil dos viajantes<\/span><\/p>\n<p style=\"text-align: justify;\"><span style=\"color: #888888;\">De acordo com a pesquisa do Governo de Minas, na Zona da Mata, 60% dos visitantes eram oriundos do pr\u00f3prio Estado, 23% do Rio de Janeiro, 6,6% de S\u00e3o Paulo e 4,8% do Esp\u00edrito Santo. A maioria, 60%, eram homens e solteiros (62%), com idade entre 21 e 30 anos (45,5%). No quesito escolaridade, 52,5% possu\u00edam curso superior. Os visitantes permaneceram, em m\u00e9dia 4,2 dias nas viagens pela Zona da Mata, com um valor de gasto m\u00e9dio por pessoa de R$ 408,38.<\/span><\/p>\n<p style=\"text-align: justify;\"><span style=\"color: #ff0000;\">Estabelecimentos<\/span><\/p>\n<p style=\"text-align: justify;\"><span style=\"color: #888888;\">Segundo dados da RAIS (Rela\u00e7\u00e3o Anual de Informa\u00e7\u00f5es Sociais), levantados pelo Minist\u00e9rio do Trabalho e Emprego e apurados pela Setur-MG na regi\u00e3o da Zona da Mata, a taxa m\u00e9dia de crescimento do n\u00famero de estabelecimentos ligados \u00e0 atividade tur\u00edstica, de 2006 a 2010, correspondeu a 4,8%, com o n\u00famero saltando de 4.869 estabelecimentos em 2006 para 5.584 em 2010. Em rela\u00e7\u00e3o ao n\u00famero de pessoas empregadas pelo setor, a taxa m\u00e9dia de crescimento foi de 4,2%. Em 2006, as atividades tur\u00edsticas empregavam 26.629 pessoas; em 2010 este n\u00famero chegou a 31.388 trabalhadores.<\/span><\/p>\n<p style=\"text-align: justify;\"><span style=\"color: #ff0000;\">N\u00fameros no Estado<\/span><\/p>\n<p style=\"text-align: justify;\"><span style=\"color: #888888;\">Dados mais abrangentes da pesquisa mostraram que, no geral, os visitantes permaneceram, em m\u00e9dia 5,4 dias nas viagens pelo Estado, com um valor de gasto m\u00e9dio por pessoa de R$ 538,56, superando em 62% os gastos de 2010 (R$ 332,21). J\u00e1 os turistas que mais gastam s\u00e3o aqueles que viajam a neg\u00f3cios. Este p\u00fablico registrou em m\u00e9dia, o maior gasto individual durante a viagem com um valor de R$ 955,35 seguidos pelos visitantes motivados pelo turismo rural (R$ 516,16), bem-estar (R$ 460,66), natureza e aventura (R$ 460,66) e cultural (R$ 369,95).<\/span><\/p>\n<p style=\"text-align: justify;\"><span style=\"color: #888888;\">De acordo com o secret\u00e1rio de Estado de Turismo, Agostinho Patrus Filho, os n\u00fameros da pesquisa demonstram o crescimento da economia do turismo no Estado, especialmente na gera\u00e7\u00e3o de receita e distribui\u00e7\u00e3o de renda. \u201cQuanto maior \u00e9 o gasto do turismo, maior \u00e9 o benef\u00edcio para a atividade e para toda a cadeia de presta\u00e7\u00e3o de servi\u00e7os, que amplia seus neg\u00f3cios e seus ganhos de mercado. Devemos lembrar que Minas Gerais e o Brasil, a partir de agora, ir\u00e3o receber grandes eventos internacionais, o que poder\u00e1 favorecer, ainda mais, o crescimento deste gasto m\u00e9dio e a perman\u00eancia do visitante\u201d, destaca.<\/span><\/p>\n<p style=\"text-align: justify;\"><span style=\"color: #888888;\">Os entrevistados tamb\u00e9m foram questionados sobre qual a primeira imagem que eles lembram ao ouvir as palavras \u201cMinas Gerais\u201d. Em primeiro lugar a imagem mais lembrada foi das montanhas (10,8%), seguido da gastronomia (6,5%) e do p\u00e3o de queijo (6,4%). Com informa\u00e7\u00f5es de Camila Vaz.<\/span><\/p>\n<p style=\"text-align: justify;\"><strong><span style=\"color: #888888;\">Por: Click Carangola<\/span><\/strong><\/p>\n","protected":false},"excerpt":{"rendered":"<p>A maior parte dos turistas que visitaram a Zona da Mata em 2011, viajou a passeio. A constata\u00e7\u00e3o foi feita pela Pesquisa de Demanda Tur\u00edstica, realizada pela Secretaria de Estado de Turismo de Minas Gerais (Setur). Os dados mostram que 54,7% dos visitantes optaram pela regi\u00e3o para o lazer. O principal atrativo s\u00e3o as atividades [&hellip;]<\/p>\n","protected":false},"author":2,"featured_media":0,"comment_status":"open","ping_status":"open","sticky":false,"template":"","format":"standard","meta":{"footnotes":""},"categories":[1],"tags":[],"class_list":["post-5533","post","type-post","status-publish","format-standard","hentry","category-regional"],"_links":{"self":[{"href":"https:\/\/clickcarangola.com.br\/site\/wp-json\/wp\/v2\/posts\/5533","targetHints":{"allow":["GET"]}}],"collection":[{"href":"https:\/\/clickcarangola.com.br\/site\/wp-json\/wp\/v2\/posts"}],"about":[{"href":"https:\/\/clickcarangola.com.br\/site\/wp-json\/wp\/v2\/types\/post"}],"author":[{"embeddable":true,"href":"https:\/\/clickcarangola.com.br\/site\/wp-json\/wp\/v2\/users\/2"}],"replies":[{"embeddable":true,"href":"https:\/\/clickcarangola.com.br\/site\/wp-json\/wp\/v2\/comments?post=5533"}],"version-history":[{"count":9,"href":"https:\/\/clickcarangola.com.br\/site\/wp-json\/wp\/v2\/posts\/5533\/revisions"}],"predecessor-version":[{"id":5535,"href":"https:\/\/clickcarangola.com.br\/site\/wp-json\/wp\/v2\/posts\/5533\/revisions\/5535"}],"wp:attachment":[{"href":"https:\/\/clickcarangola.com.br\/site\/wp-json\/wp\/v2\/media?parent=5533"}],"wp:term":[{"taxonomy":"category","embeddable":true,"href":"https:\/\/clickcarangola.com.br\/site\/wp-json\/wp\/v2\/categories?post=5533"},{"taxonomy":"post_tag","embeddable":true,"href":"https:\/\/clickcarangola.com.br\/site\/wp-json\/wp\/v2\/tags?post=5533"}],"curies":[{"name":"wp","href":"https:\/\/api.w.org\/{rel}","templated":true}]}}