{"id":5543,"date":"2012-05-16T06:15:02","date_gmt":"2012-05-16T09:15:02","guid":{"rendered":"https:\/\/clickcarangola.com.br\/site\/?p=5543"},"modified":"2012-05-16T11:28:49","modified_gmt":"2012-05-16T14:28:49","slug":"anastasia-destaca-qualidade-ambiental-das-empresas-mineiras","status":"publish","type":"post","link":"https:\/\/clickcarangola.com.br\/site\/16\/05\/2012\/anastasia-destaca-qualidade-ambiental-das-empresas-mineiras\/","title":{"rendered":"Anastasia destaca qualidade ambiental das empresas mineiras"},"content":{"rendered":"<p><span style=\"color: #888888;\"><img loading=\"lazy\" decoding=\"async\" class=\"alignleft\" src=\"https:\/\/www.agenciaminas.mg.gov.br\/media\/portal\/imagens\/2012\/05\/cache\/segundo-anastasia-premiacao-destaca-empresas-que-comprovaram-a-qualidade-na-gestao-ambiental_n_i_relacionamento.JPG\" alt=\"imagem.title\" width=\"125\" height=\"125\" \/><\/span><\/p>\n<p style=\"text-align: justify;\"><span style=\"color: #888888;\">O governador Antonio Anastasia participou, nesta ter\u00e7a-feira (15), no Audit\u00f3rio Juscelino Kubitschek, na Cidade Administrativa, da solenidade de entrega do Pr\u00eamio Mineiro de Gest\u00e3o Ambiental (PMGA), um reconhecimento \u00e0s empresas que possuem pr\u00e1ticas de gest\u00e3o para preservar o meio ambiente e fomentar a sustentabilidade.<\/span><\/p>\n<p style=\"text-align: justify;\"><span style=\"color: #888888;\">\u201cA premia\u00e7\u00e3o destaca empresas que comprovaram a sua qualidade na gest\u00e3o ambiental e a sua preocupa\u00e7\u00e3o com as futuras gera\u00e7\u00f5es\u201d, disse o governador Anastasia.<!--more--><\/span><\/p>\n<p style=\"text-align: justify;\"><span style=\"color: #888888;\"><img loading=\"lazy\" decoding=\"async\" src=\"https:\/\/www.agenciaminas.mg.gov.br\/media\/portal\/imagens\/2012\/05\/cache\/segundo-anastasia-premiacao-destaca-empresas-que-comprovaram-a-qualidade-na-gestao-ambiental_n_i_relacionamento.JPG\" alt=\"\" width=\"300\" height=\"226\" \/><\/span><\/p>\n<p style=\"text-align: justify;\"><span style=\"color: #888888;\">\u00a0<\/span><span style=\"color: #888888;\">&#8220;Segundo Anastasia, premia\u00e7\u00e3o destaca empresas que comprovaram a qualidade na gest\u00e3o ambiental.&#8221;<\/span><\/p>\n<p style=\"text-align: justify;\"><span style=\"color: #888888;\">Receberam o Pr\u00eamio as empresas ArcelorMittal (Unidade Juiz de Fora), Cenibra (Belo Oriente) e Votorantim Metais Zinco S\/A (Paracatu). Al\u00e9m do Pr\u00eamio, as empresas Votorantim e ArcelorMittal tamb\u00e9m conquistaram o \u201cTrof\u00e9u Destaque\u201d pelos diferenciais nos quesitos criatividade, inova\u00e7\u00e3o e sustentabilidade.<\/span><\/p>\n<p style=\"text-align: justify;\"><span style=\"color: #888888;\">Durante a solenidade, o chefe de Comunica\u00e7\u00f5es da Divis\u00e3o de Desenvolvimento Sustent\u00e1vel do Departamento de Assuntos Econ\u00f4micos e Sociais da ONU (Undesa), Nikhil Chandavarkar, entregou certificado de chancela das Na\u00e7\u00f5es Unidas ao Pr\u00eamio Mineiro de Gest\u00e3o Ambiental. \u201cO reconhecimento da ONU da seriedade deste Pr\u00eamio, atrav\u00e9s de um reconhecimento p\u00fablico, de um documento entregue aos respons\u00e1veis pelo Pr\u00eamio Mineiro de Gest\u00e3o Ambiental, d\u00e1 uma validade ainda maior ao Pr\u00eamio\u201d, ressaltou Antonio Anastasia.<\/span><\/p>\n<p style=\"text-align: justify;\"><span style=\"color: #888888;\">O governador destacou a gest\u00e3o de qualidade na busca por resultados positivos e enalteceu as pr\u00e1ticas ambientais. \u201cFico muito satisfeito que Minas Gerais, que tem na gest\u00e3o n\u00e3o s\u00f3 p\u00fablica, mas tamb\u00e9m das suas empresas privadas, da sociedade civil, um de seus grandes ativos, um patrim\u00f4nio dos mineiros, tamb\u00e9m na \u00e1rea ambiental uma gest\u00e3o que \u00e9 exemplo para os outros estados do Brasil e tamb\u00e9m internacionalmente\u201d, afirmou.<\/span><\/p>\n<p style=\"text-align: justify;\"><span style=\"color: #888888;\">Em 2011, documento sobre crit\u00e9rios da entrega do Pr\u00eamio foi encaminhado ao setor de sustentabilidade da Organiza\u00e7\u00e3o das Na\u00e7\u00f5es Unidas. O documento foi avaliado positivamente e ser\u00e1 inclu\u00eddo na agenda ONU sobre Desenvolvimento Sustent\u00e1vel \u2013 Rio+20, que acontecer\u00e1 de 20 a 22 de junho, no Rio de Janeiro.<\/span><\/p>\n<p style=\"text-align: justify;\"><span style=\"color: #888888;\">O engenheiro, administrador e especialista em gest\u00e3o e direito ambiental, Ronaldo Sim\u00e3o, \u00e9 o coordenador e idealizador do Pr\u00eamio, que tem apoio do Governo de Minas, sendo chancelado pela Uni\u00e3o Brasileira para a Qualidade (UBQ), e aprovado pelo Minist\u00e9rio do Meio Ambiente. Ronaldo Sim\u00e3o agradeceu o apoio do Estado \u00e0 iniciativa. \u201cRegistro aqui, em especial, o nosso reconhecimento pelo apoio incondicional do governador Antonio Anastasia ao Pr\u00eamio e tamb\u00e9m o encorajamento para que possamos persistir nessa caminhada\u201d, disse ele.<\/span><\/p>\n<p style=\"text-align: justify;\"><span style=\"color: #888888;\">O objetivo do Pr\u00eamio \u00e9 despertar nas empresas mineiras a busca pela melhoria cont\u00ednua da gest\u00e3o ambiental, aperfei\u00e7oando a utiliza\u00e7\u00e3o dos recursos naturais e promovendo a dissemina\u00e7\u00e3o de a\u00e7\u00f5es voltadas para a sustentabilidade ambiental e os seus reflexos na qualidade de vida das comunidades. O Pr\u00eamio foi lan\u00e7ado em 2005 e j\u00e1 premiou 18 empresas instaladas em Minas.<\/span><\/p>\n<p style=\"text-align: justify;\"><span style=\"color: #888888;\">Tamb\u00e9m participaram da entrega do Pr\u00eamio Mineiro de Gest\u00e3o Ambiental o vice-governador Alberto Pinto Coelho, os secret\u00e1rios de Estado\u00a0Adriano Magalh\u00e3es (Meio Ambiente e Desenvolvimento Sustent\u00e1vel) e Narcio Rodrigues (Ci\u00eancia, Tecnologia e Ensino Superior) e a presidente da Uni\u00e3o Brasileira para Qualidade (UBQ), Silvana Rizzioli. Com informa\u00e7\u00f5es de Wellington Pedro.<\/span><\/p>\n<p style=\"text-align: justify;\"><strong><span style=\"color: #888888;\">Por: Click Carangola<\/span><\/strong><\/p>\n","protected":false},"excerpt":{"rendered":"<p>O governador Antonio Anastasia participou, nesta ter\u00e7a-feira (15), no Audit\u00f3rio Juscelino Kubitschek, na Cidade Administrativa, da solenidade de entrega do Pr\u00eamio Mineiro de Gest\u00e3o Ambiental (PMGA), um reconhecimento \u00e0s empresas que possuem pr\u00e1ticas de gest\u00e3o para preservar o meio ambiente e fomentar a sustentabilidade. \u201cA premia\u00e7\u00e3o destaca empresas que comprovaram a sua qualidade na gest\u00e3o [&hellip;]<\/p>\n","protected":false},"author":2,"featured_media":0,"comment_status":"open","ping_status":"open","sticky":false,"template":"","format":"standard","meta":{"footnotes":""},"categories":[1],"tags":[],"class_list":["post-5543","post","type-post","status-publish","format-standard","hentry","category-regional"],"_links":{"self":[{"href":"https:\/\/clickcarangola.com.br\/site\/wp-json\/wp\/v2\/posts\/5543","targetHints":{"allow":["GET"]}}],"collection":[{"href":"https:\/\/clickcarangola.com.br\/site\/wp-json\/wp\/v2\/posts"}],"about":[{"href":"https:\/\/clickcarangola.com.br\/site\/wp-json\/wp\/v2\/types\/post"}],"author":[{"embeddable":true,"href":"https:\/\/clickcarangola.com.br\/site\/wp-json\/wp\/v2\/users\/2"}],"replies":[{"embeddable":true,"href":"https:\/\/clickcarangola.com.br\/site\/wp-json\/wp\/v2\/comments?post=5543"}],"version-history":[{"count":1,"href":"https:\/\/clickcarangola.com.br\/site\/wp-json\/wp\/v2\/posts\/5543\/revisions"}],"predecessor-version":[{"id":5544,"href":"https:\/\/clickcarangola.com.br\/site\/wp-json\/wp\/v2\/posts\/5543\/revisions\/5544"}],"wp:attachment":[{"href":"https:\/\/clickcarangola.com.br\/site\/wp-json\/wp\/v2\/media?parent=5543"}],"wp:term":[{"taxonomy":"category","embeddable":true,"href":"https:\/\/clickcarangola.com.br\/site\/wp-json\/wp\/v2\/categories?post=5543"},{"taxonomy":"post_tag","embeddable":true,"href":"https:\/\/clickcarangola.com.br\/site\/wp-json\/wp\/v2\/tags?post=5543"}],"curies":[{"name":"wp","href":"https:\/\/api.w.org\/{rel}","templated":true}]}}