{"id":5575,"date":"2012-05-17T17:56:50","date_gmt":"2012-05-17T20:56:50","guid":{"rendered":"https:\/\/clickcarangola.com.br\/site\/?p=5575"},"modified":"2012-05-17T18:14:11","modified_gmt":"2012-05-17T21:14:11","slug":"prefeito-de-carangola-participa-do-29-congresso-mineiro-de-municipios","status":"publish","type":"post","link":"https:\/\/clickcarangola.com.br\/site\/17\/05\/2012\/prefeito-de-carangola-participa-do-29-congresso-mineiro-de-municipios\/","title":{"rendered":"Prefeito de Carangola participa do 29\u00b0 Congresso Mineiro de Munic\u00edpios"},"content":{"rendered":"<p><img loading=\"lazy\" decoding=\"async\" class=\"alignleft\" src=\"https:\/\/3.bp.blogspot.com\/-A7D6swO8a-8\/T7Vbb8cN5pI\/AAAAAAAAC6Q\/yLv_jJ_km7E\/s640\/21134071.jpg\" border=\"0\" alt=\"\" width=\"125\" height=\"125\" \/><\/p>\n<p style=\"text-align: justify;\"><span style=\"color: #888888;\">O Prefeito Municipal de Carangola Patrick Drumond, o Deputado Federal Bernardo Santana e o vice-presidente do BDMG &#8211; Banco de Desenvolvimento de Minas Gerais \u2013 Jos\u00e9 Santana de Vasconcellos estiveram\u00a0presentes no 29\u00b0 Congresso Mineiro de Munic\u00edpios.<\/span><\/p>\n<p style=\"text-align: justify;\"><span style=\"color: #888888;\">Na oportunidade, os mesmos tra\u00e7aram metas objetivando a capta\u00e7\u00e3o de recursos para o desenvolvimento de Carangola.<!--more--><\/span><\/p>\n<p style=\"text-align: justify;\"><span style=\"color: #888888;\"><img loading=\"lazy\" decoding=\"async\" src=\"https:\/\/3.bp.blogspot.com\/-A7D6swO8a-8\/T7Vbb8cN5pI\/AAAAAAAAC6Q\/yLv_jJ_km7E\/s640\/21134071.jpg\" border=\"0\" alt=\"\" width=\"300\" height=\"226\" \/><\/span><\/p>\n<p style=\"text-align: justify;\"><span style=\"color: #888888;\">&#8220;Jos\u00e9 Santana, Bernardo Santana e Patrick Drumond.&#8221;<\/span><\/p>\n<div style=\"text-align: justify;\"><span style=\"color: #888888;\">A abertura do 29\u00ba Congresso Mineiro de Munic\u00edpios\u00a0aconteceu no\u00a0dia 08 de maio no Expominas em Belo Horizonte, e bateu recorde de p\u00fablico em presen\u00e7a de prefeitos. V\u00e1rias autoridades pol\u00edticas e representantes do Governo do Estado e Federal participaram da solenidade.<\/span><\/div>\n<div style=\"text-align: justify;\">\n<div><span style=\"color: #888888;\">\u00a0<\/span><\/div>\n<div><span style=\"color: #888888;\">Na solenidade de abertura foram assinados conv\u00eanios para orienta\u00e7\u00e3o e capacita\u00e7\u00e3o dos gestores mineiros, al\u00e9m do lan\u00e7amento do Guia &#8220;Minas de A a Z&#8221; e\u00a0a entrega da Medalha do M\u00e9rito Municipalista Celso Melo de Azevedo.<\/span><\/div>\n<div><span style=\"color: #888888;\"><strong>\u00a0<\/strong><\/span><\/div>\n<div><span style=\"color: #808080;\">Por: Click Carangola | Sugest\u00f5es de pauta: <a href=\"mailto:clickcarangola@gmail.com\">clickcarangola@gmail.com<\/a><\/span><\/div>\n<div><span style=\"color: #808080;\">\u00a0<\/span><\/div>\n<\/div>\n","protected":false},"excerpt":{"rendered":"<p>O Prefeito Municipal de Carangola Patrick Drumond, o Deputado Federal Bernardo Santana e o vice-presidente do BDMG &#8211; Banco de Desenvolvimento de Minas Gerais \u2013 Jos\u00e9 Santana de Vasconcellos estiveram\u00a0presentes no 29\u00b0 Congresso Mineiro de Munic\u00edpios. Na oportunidade, os mesmos tra\u00e7aram metas objetivando a capta\u00e7\u00e3o de recursos para o desenvolvimento de Carangola.<\/p>\n","protected":false},"author":2,"featured_media":0,"comment_status":"open","ping_status":"open","sticky":false,"template":"","format":"standard","meta":{"footnotes":""},"categories":[37],"tags":[],"class_list":["post-5575","post","type-post","status-publish","format-standard","hentry","category-carangola-mg"],"_links":{"self":[{"href":"https:\/\/clickcarangola.com.br\/site\/wp-json\/wp\/v2\/posts\/5575","targetHints":{"allow":["GET"]}}],"collection":[{"href":"https:\/\/clickcarangola.com.br\/site\/wp-json\/wp\/v2\/posts"}],"about":[{"href":"https:\/\/clickcarangola.com.br\/site\/wp-json\/wp\/v2\/types\/post"}],"author":[{"embeddable":true,"href":"https:\/\/clickcarangola.com.br\/site\/wp-json\/wp\/v2\/users\/2"}],"replies":[{"embeddable":true,"href":"https:\/\/clickcarangola.com.br\/site\/wp-json\/wp\/v2\/comments?post=5575"}],"version-history":[{"count":10,"href":"https:\/\/clickcarangola.com.br\/site\/wp-json\/wp\/v2\/posts\/5575\/revisions"}],"predecessor-version":[{"id":5577,"href":"https:\/\/clickcarangola.com.br\/site\/wp-json\/wp\/v2\/posts\/5575\/revisions\/5577"}],"wp:attachment":[{"href":"https:\/\/clickcarangola.com.br\/site\/wp-json\/wp\/v2\/media?parent=5575"}],"wp:term":[{"taxonomy":"category","embeddable":true,"href":"https:\/\/clickcarangola.com.br\/site\/wp-json\/wp\/v2\/categories?post=5575"},{"taxonomy":"post_tag","embeddable":true,"href":"https:\/\/clickcarangola.com.br\/site\/wp-json\/wp\/v2\/tags?post=5575"}],"curies":[{"name":"wp","href":"https:\/\/api.w.org\/{rel}","templated":true}]}}