{"id":5616,"date":"2012-05-19T06:00:30","date_gmt":"2012-05-19T09:00:30","guid":{"rendered":"https:\/\/clickcarangola.com.br\/site\/?p=5616"},"modified":"2012-05-19T11:47:34","modified_gmt":"2012-05-19T14:47:34","slug":"motoqueiro-e-preso-por-porte-ilegal-de-arma-de-fogo-em-pedra-bonita","status":"publish","type":"post","link":"https:\/\/clickcarangola.com.br\/site\/19\/05\/2012\/motoqueiro-e-preso-por-porte-ilegal-de-arma-de-fogo-em-pedra-bonita\/","title":{"rendered":"Motoqueiro \u00e9 preso por porte ilegal de arma de fogo em Pedra Bonita"},"content":{"rendered":"<p style=\"text-align: justify;\"><img loading=\"lazy\" decoding=\"async\" class=\"alignleft\" src=\"https:\/\/3.bp.blogspot.com\/-l6_D8XER2k8\/T7etD1_7dSI\/AAAAAAAAA9E\/i5HKIBYtLYE\/s320\/Fotografia0144.jpg\" border=\"0\" alt=\"\" width=\"125\" height=\"125\" \/><span style=\"color: #888888;\">Um homem foi preso na manh\u00e3 desta quinta-feira (17\/05)\u00a0por porte ilegal de arma de fogo em Pedra Bonita.<\/span><\/p>\n<p style=\"text-align: justify;\"><span style=\"color: #888888;\">Os policiais avistaram o autor conduzindo uma\u00a0motocicleta, pela via p\u00fablica na regi\u00e3o central da cidade.\u00a0Ao realizarem\u00a0busca pessoal,\u00a0foi encontrado na cintura dele um rev\u00f3lver calibre 38, com cinco muni\u00e7\u00f5es intactas.<!--more--><\/span><\/p>\n<div style=\"text-align: justify;\"><span style=\"color: #888888;\">\u00a0<\/span><\/div>\n<div style=\"text-align: justify;\"><span style=\"color: #888888;\"><img loading=\"lazy\" decoding=\"async\" src=\"https:\/\/3.bp.blogspot.com\/-l6_D8XER2k8\/T7etD1_7dSI\/AAAAAAAAA9E\/i5HKIBYtLYE\/s320\/Fotografia0144.jpg\" border=\"0\" alt=\"\" width=\"300\" height=\"226\" \/><\/span><\/div>\n<div style=\"text-align: justify;\"><span style=\"color: #888888;\">\u00a0<\/span><\/div>\n<div style=\"text-align: justify;\"><span style=\"color: #888888;\">&#8220;Rev\u00f3lver calibre 38, com cinco muni\u00e7\u00f5es intactas.&#8221;<\/span><\/div>\n<div style=\"text-align: justify;\"><span style=\"color: #888888;\">\u00a0<\/span><\/div>\n<div style=\"text-align: justify;\"><span style=\"color: #888888;\">O autor foi questionado acerca do registro de porte e posse da arma de fogo, tendo ele declarado que\u00a0n\u00e3o possu\u00eda\u00a0registro\u00a0da arma.\u00a0<\/span><span style=\"color: #888888;\">Foram conferidos os documentos de porte obrigat\u00f3rios referidos no CTB, sendo\u00a0o ve\u00edculo liberado para a testemunha habilitada.\u00a0<\/span><\/div>\n<div style=\"text-align: justify;\"><span style=\"color: #888888;\">\u00a0<\/span><\/div>\n<div style=\"text-align: justify;\"><span style=\"color: #888888;\">Diante dos fatos foi dada voz de pris\u00e3o em fragrante ao autor e conduzido a Delegacia da Policia Civil em\u00a0Abre Campo, juntamente com a arma e as muni\u00e7\u00f5es, onde foi autuado em flagrante. Com informa\u00e7\u00f5es do 3\u00ba Sgt J\u00falio Lopes.<\/span><\/div>\n<div style=\"text-align: justify;\"><span style=\"color: #888888;\">\u00a0<\/span><\/div>\n<div style=\"text-align: justify;\"><span style=\"color: #888888;\">Por: Click Carangola | Sugest\u00f5es de pauta: <a href=\"mailto:clickcarangola@gmail.com\">clickcarangola@gmail.com<\/a><\/span><\/div>\n<div style=\"text-align: justify;\"><span style=\"color: #888888;\">\u00a0<\/span><\/div>\n","protected":false},"excerpt":{"rendered":"<p>Um homem foi preso na manh\u00e3 desta quinta-feira (17\/05)\u00a0por porte ilegal de arma de fogo em Pedra Bonita. Os policiais avistaram o autor conduzindo uma\u00a0motocicleta, pela via p\u00fablica na regi\u00e3o central da cidade.\u00a0Ao realizarem\u00a0busca pessoal,\u00a0foi encontrado na cintura dele um rev\u00f3lver calibre 38, com cinco muni\u00e7\u00f5es intactas.<\/p>\n","protected":false},"author":2,"featured_media":0,"comment_status":"open","ping_status":"open","sticky":false,"template":"","format":"standard","meta":{"footnotes":""},"categories":[1],"tags":[],"class_list":["post-5616","post","type-post","status-publish","format-standard","hentry","category-regional"],"_links":{"self":[{"href":"https:\/\/clickcarangola.com.br\/site\/wp-json\/wp\/v2\/posts\/5616","targetHints":{"allow":["GET"]}}],"collection":[{"href":"https:\/\/clickcarangola.com.br\/site\/wp-json\/wp\/v2\/posts"}],"about":[{"href":"https:\/\/clickcarangola.com.br\/site\/wp-json\/wp\/v2\/types\/post"}],"author":[{"embeddable":true,"href":"https:\/\/clickcarangola.com.br\/site\/wp-json\/wp\/v2\/users\/2"}],"replies":[{"embeddable":true,"href":"https:\/\/clickcarangola.com.br\/site\/wp-json\/wp\/v2\/comments?post=5616"}],"version-history":[{"count":8,"href":"https:\/\/clickcarangola.com.br\/site\/wp-json\/wp\/v2\/posts\/5616\/revisions"}],"predecessor-version":[{"id":5618,"href":"https:\/\/clickcarangola.com.br\/site\/wp-json\/wp\/v2\/posts\/5616\/revisions\/5618"}],"wp:attachment":[{"href":"https:\/\/clickcarangola.com.br\/site\/wp-json\/wp\/v2\/media?parent=5616"}],"wp:term":[{"taxonomy":"category","embeddable":true,"href":"https:\/\/clickcarangola.com.br\/site\/wp-json\/wp\/v2\/categories?post=5616"},{"taxonomy":"post_tag","embeddable":true,"href":"https:\/\/clickcarangola.com.br\/site\/wp-json\/wp\/v2\/tags?post=5616"}],"curies":[{"name":"wp","href":"https:\/\/api.w.org\/{rel}","templated":true}]}}