{"id":5661,"date":"2012-05-21T06:00:05","date_gmt":"2012-05-21T09:00:05","guid":{"rendered":"https:\/\/clickcarangola.com.br\/site\/?p=5661"},"modified":"2012-05-21T15:30:30","modified_gmt":"2012-05-21T18:30:30","slug":"foragido-da-policia-furta-posto-de-saude-em-divino-e-acaba-retornando-a-prisao","status":"publish","type":"post","link":"https:\/\/clickcarangola.com.br\/site\/21\/05\/2012\/foragido-da-policia-furta-posto-de-saude-em-divino-e-acaba-retornando-a-prisao\/","title":{"rendered":"Foragido da Pol\u00edcia furta Posto de Sa\u00fade em Divino e acaba retornando \u00e0 pris\u00e3o"},"content":{"rendered":"<p style=\"text-align: justify; color: #888888;\"><img loading=\"lazy\" decoding=\"async\" class=\"alignleft\" src=\"https:\/\/www.radiomuriae.com.br\/admin\/am\/noticias\/fotos\/DSC01099.jpg\" alt=\"\" width=\"96\" height=\"100\" align=\"absMiddle\" \/>Um homem de 32 anos foi preso,\u00a0neste s\u00e1bado\u00a0(19), em Divino, ap\u00f3s furtar um Posto de Sa\u00fade que funciona na localidade de Rosa M\u00edstica, no C\u00f3rrego da Usina.<\/p>\n<p style=\"text-align: justify; color: #888888;\">Por volta das 14h, ele havia invadido o local e levado um estetosc\u00f3pio, uma antena parab\u00f3lica, uma bra\u00e7adeira arterial e um aparelho para medir n\u00edvel de glicose, fugindo em seguida.<!--more--><\/p>\n<p style=\"text-align: justify; color: #888888;\"><img loading=\"lazy\" decoding=\"async\" src=\"https:\/\/www.radiomuriae.com.br\/admin\/am\/noticias\/fotos\/DSC01099.jpg\" alt=\"\" width=\"300\" height=\"226\" align=\"absMiddle\" \/><\/p>\n<p style=\"text-align: justify; color: #888888;\">&#8220;Ele havia invadido o local e levado um estetosc\u00f3pio.&#8221;<\/p>\n<p style=\"text-align: justify;\"><span style=\"color: #888888;\">A Pol\u00edcia Militar foi acionada e encontrou o autor trancado no ve\u00edculo de uma testemunha, que disse ter avistado o homem com todos os materiais m\u00e9dicos e suspeitado do furto, conseguindo det\u00ea-lo. O autor n\u00e3o negou a a\u00e7\u00e3o e contou que, antes de ir ao Posto, j\u00e1 havia furtado uma bicicleta na garagem de uma casa e tentado vend\u00ea-la em uma mec\u00e2nica, por\u00e9m, sem \u00eaxito. <\/span><\/p>\n<p style=\"text-align: justify;\"><span style=\"color: #888888;\">O homem recebeu voz de pris\u00e3o e foi\u00a0encaminhado para Muria\u00e9, para a Delegacia de Plant\u00e3o, onde se descobriu que havia um mandado de pris\u00e3o contra ele, por fuga, h\u00e1 cerca de tr\u00eas meses. Com informa\u00e7\u00f5es da PM e R\u00e1dio Muria\u00e9.<\/span><\/p>\n<div><span style=\"color: #888888;\"><span style=\"color: #ff0000;\">Outras imagens:<\/span><\/span><\/div>\n<div><span style=\"color: #888888;\"><span style=\"color: #ff0000;\">\u00a0<\/span><\/span><\/div>\n<div><span style=\"color: #888888;\"><span style=\"color: #ff0000;\"><span style=\"color: #ff0000;\"><span style=\"color: #ff0000;\"><img loading=\"lazy\" decoding=\"async\" src=\"https:\/\/radiomuriae.com.br\/UserFiles\/DSC01102.JPG\" alt=\"\" width=\"300\" height=\"226\" \/><\/span><\/span><\/span><\/span><\/div>\n<p style=\"text-align: justify;\"><span style=\"color: #888888;\">&#8220;Material que o autor tirou do Posto de Sa\u00fade.&#8221;<\/span><\/p>\n<p style=\"text-align: justify;\">\n<div style=\"text-align: justify;\"><span style=\"color: #888888;\"><img loading=\"lazy\" decoding=\"async\" src=\"https:\/\/radiomuriae.com.br\/UserFiles\/DSC01107.JPG\" alt=\"\" width=\"300\" height=\"226\" \/><\/span><\/div>\n<div style=\"text-align: justify;\"><span style=\"color: #888888;\">\u00a0<\/span><\/div>\n<div style=\"text-align: justify;\"><span style=\"color: #888888;\">&#8220;Bicicleta furtada da garagem de uma casa pertencia ao filho de um sargento da PM.&#8221;<\/span><\/div>\n<div style=\"text-align: justify;\">\u00a0<\/div>\n<div style=\"text-align: justify;\"><span style=\"color: #888888;\">Por: Click Carangola | Sugest\u00f5es de pauta: <a href=\"mailto:clickcarangola@gmail.com\">clickcarangola@gmail.com<\/a> <\/span><\/div>\n<div><span style=\"color: #888888;\"><span style=\"color: #888888;\"><span style=\"color: #ff0000;\">\u00a0<\/span><\/span><\/span><span style=\"color: #ff0000;\"><span style=\"color: #888888;\">\u00a0<\/span><\/span><\/div>\n","protected":false},"excerpt":{"rendered":"<p>Um homem de 32 anos foi preso,\u00a0neste s\u00e1bado\u00a0(19), em Divino, ap\u00f3s furtar um Posto de Sa\u00fade que funciona na localidade de Rosa M\u00edstica, no C\u00f3rrego da Usina. Por volta das 14h, ele havia invadido o local e levado um estetosc\u00f3pio, uma antena parab\u00f3lica, uma bra\u00e7adeira arterial e um aparelho para medir n\u00edvel de glicose, fugindo [&hellip;]<\/p>\n","protected":false},"author":2,"featured_media":0,"comment_status":"open","ping_status":"open","sticky":false,"template":"","format":"standard","meta":{"footnotes":""},"categories":[43],"tags":[],"class_list":["post-5661","post","type-post","status-publish","format-standard","hentry","category-divino-mg"],"_links":{"self":[{"href":"https:\/\/clickcarangola.com.br\/site\/wp-json\/wp\/v2\/posts\/5661","targetHints":{"allow":["GET"]}}],"collection":[{"href":"https:\/\/clickcarangola.com.br\/site\/wp-json\/wp\/v2\/posts"}],"about":[{"href":"https:\/\/clickcarangola.com.br\/site\/wp-json\/wp\/v2\/types\/post"}],"author":[{"embeddable":true,"href":"https:\/\/clickcarangola.com.br\/site\/wp-json\/wp\/v2\/users\/2"}],"replies":[{"embeddable":true,"href":"https:\/\/clickcarangola.com.br\/site\/wp-json\/wp\/v2\/comments?post=5661"}],"version-history":[{"count":8,"href":"https:\/\/clickcarangola.com.br\/site\/wp-json\/wp\/v2\/posts\/5661\/revisions"}],"predecessor-version":[{"id":5664,"href":"https:\/\/clickcarangola.com.br\/site\/wp-json\/wp\/v2\/posts\/5661\/revisions\/5664"}],"wp:attachment":[{"href":"https:\/\/clickcarangola.com.br\/site\/wp-json\/wp\/v2\/media?parent=5661"}],"wp:term":[{"taxonomy":"category","embeddable":true,"href":"https:\/\/clickcarangola.com.br\/site\/wp-json\/wp\/v2\/categories?post=5661"},{"taxonomy":"post_tag","embeddable":true,"href":"https:\/\/clickcarangola.com.br\/site\/wp-json\/wp\/v2\/tags?post=5661"}],"curies":[{"name":"wp","href":"https:\/\/api.w.org\/{rel}","templated":true}]}}