{"id":567,"date":"2011-09-16T09:05:10","date_gmt":"2011-09-16T12:05:10","guid":{"rendered":"https:\/\/clickcarangola.com.br\/site\/?p=567"},"modified":"2011-12-11T11:23:30","modified_gmt":"2011-12-11T14:23:30","slug":"carreta-bate-em-barranco","status":"publish","type":"post","link":"https:\/\/clickcarangola.com.br\/site\/16\/09\/2011\/carreta-bate-em-barranco\/","title":{"rendered":"Carreta bate em barranco"},"content":{"rendered":"<p style=\"text-align: justify;\"><span style=\"color: #888888;\"><img loading=\"lazy\" decoding=\"async\" class=\"size-medium wp-image-568 alignleft\" src=\"https:\/\/clickcarangola.com.br\/site\/wp-content\/uploads\/2011\/09\/Carreta_01-300x225.jpg\" alt=\"\" width=\"300\" height=\"226\" srcset=\"https:\/\/clickcarangola.com.br\/site\/wp-content\/uploads\/2011\/09\/Carreta_01-300x225.jpg 300w, https:\/\/clickcarangola.com.br\/site\/wp-content\/uploads\/2011\/09\/Carreta_01-100x75.jpg 100w, https:\/\/clickcarangola.com.br\/site\/wp-content\/uploads\/2011\/09\/Carreta_01.jpg 320w\" sizes=\"auto, (max-width: 300px) 100vw, 300px\" \/>Uma carreta bateu num barranco ap\u00f3s entrar em uma curva pr\u00f3ximo ao distrito de Dom Corr\u00eaa, nesta quinta-feira (15). O acidente aconteceu \u00e0s 08 horas no km 562,9 da rodovia BR-116.<\/span><\/p>\n<p style=\"text-align: justify;\"><span style=\"color: #888888;\">T\u00e9rcio Teixeira Lessa, 46 anos, condutor da carreta Scania R124 placa HGH-2810 de Ipatinga\/MG, perdeu o controle da dire\u00e7\u00e3o ao entrar na curva. O caminh\u00e3o fez um \u2018L\u2019 &#8211; quando o cavalo vira e o semirreboque o empurra sem que o motorista possa controlar o ve\u00edculo.<!--more--><\/span><\/p>\n<p style=\"text-align: justify;\"><span style=\"color: #888888;\">De acordo com o motorista, quando a carreta rodou, ele tentou acionar os freios para impedir que ela sa\u00edsse da pista ou que se chocasse com outro ve\u00edculo. Nesse momento, o cavalo virou no sentido contr\u00e1rio, sendo ent\u00e3o empurrado pelo semirreboque.<\/span><\/p>\n<p style=\"text-align: justify;\"><span style=\"color: #888888;\">A carreta chegou a se chocar com um barranco \u00e0s margens da rodovia, retornando novamente para a pista. O condutor n\u00e3o sofreu ferimentos.<\/span><\/p>\n<p style=\"text-align: justify;\"><span style=\"color: #888888;\">A ocorr\u00eancia foi atendida pelos agentes Sotti e Wiris da Pol\u00edcia Rodovi\u00e1ria Federal (PRF) de Realeza.<\/span><\/p>\n<p style=\"text-align: justify;\"><span style=\"color: #ff0000;\">Confira as imagens:<\/span><\/p>\n<p style=\"text-align: justify;\"><span style=\"color: #ff0000;\">?<img loading=\"lazy\" decoding=\"async\" class=\"alignnone size-medium wp-image-569\" src=\"https:\/\/clickcarangola.com.br\/site\/wp-content\/uploads\/2011\/09\/Carreta_02-300x225.jpg\" alt=\"\" width=\"300\" height=\"226\" srcset=\"https:\/\/clickcarangola.com.br\/site\/wp-content\/uploads\/2011\/09\/Carreta_02-300x225.jpg 300w, https:\/\/clickcarangola.com.br\/site\/wp-content\/uploads\/2011\/09\/Carreta_02-100x75.jpg 100w, https:\/\/clickcarangola.com.br\/site\/wp-content\/uploads\/2011\/09\/Carreta_02.jpg 302w\" sizes=\"auto, (max-width: 300px) 100vw, 300px\" \/><img loading=\"lazy\" decoding=\"async\" class=\"alignnone size-medium wp-image-570\" src=\"https:\/\/clickcarangola.com.br\/site\/wp-content\/uploads\/2011\/09\/Carreta_03-300x203.jpg\" alt=\"\" width=\"300\" height=\"226\" \/><\/span><\/p>\n<p style=\"text-align: justify;\"><span style=\"color: #808080;\">Informa\u00e7\u00f5es: Portal Realeza.<\/span><\/p>\n<p><strong><span style=\"color: #888888;\"><span style=\"color: #888888;\">Por: Click Carangola<\/span><\/span><\/strong><\/p>\n<p><span style=\"color: #888888;\"><span style=\"color: #888888;\">\u00bb Envie not\u00edcias, sugest\u00f5es, den\u00fancias, cr\u00edticas e pedidos para a nossa\u00a0equipe \u2013 <a href=\"mailto:clickcarangola@gmail.com\">clickcarangola@gmail.com<\/a><\/span><\/span><span style=\"color: #888888;\">\u00a0<\/span><\/p>\n","protected":false},"excerpt":{"rendered":"<p>Uma carreta bateu num barranco ap\u00f3s entrar em uma curva pr\u00f3ximo ao distrito de Dom Corr\u00eaa, nesta quinta-feira (15). O acidente aconteceu \u00e0s 08 horas no km 562,9 da rodovia BR-116. T\u00e9rcio Teixeira Lessa, 46 anos, condutor da carreta Scania R124 placa HGH-2810 de Ipatinga\/MG, perdeu o controle da dire\u00e7\u00e3o ao entrar na curva. O [&hellip;]<\/p>\n","protected":false},"author":2,"featured_media":0,"comment_status":"open","ping_status":"open","sticky":false,"template":"","format":"standard","meta":{"footnotes":""},"categories":[1],"tags":[],"class_list":["post-567","post","type-post","status-publish","format-standard","hentry","category-regional"],"_links":{"self":[{"href":"https:\/\/clickcarangola.com.br\/site\/wp-json\/wp\/v2\/posts\/567","targetHints":{"allow":["GET"]}}],"collection":[{"href":"https:\/\/clickcarangola.com.br\/site\/wp-json\/wp\/v2\/posts"}],"about":[{"href":"https:\/\/clickcarangola.com.br\/site\/wp-json\/wp\/v2\/types\/post"}],"author":[{"embeddable":true,"href":"https:\/\/clickcarangola.com.br\/site\/wp-json\/wp\/v2\/users\/2"}],"replies":[{"embeddable":true,"href":"https:\/\/clickcarangola.com.br\/site\/wp-json\/wp\/v2\/comments?post=567"}],"version-history":[{"count":20,"href":"https:\/\/clickcarangola.com.br\/site\/wp-json\/wp\/v2\/posts\/567\/revisions"}],"predecessor-version":[{"id":572,"href":"https:\/\/clickcarangola.com.br\/site\/wp-json\/wp\/v2\/posts\/567\/revisions\/572"}],"wp:attachment":[{"href":"https:\/\/clickcarangola.com.br\/site\/wp-json\/wp\/v2\/media?parent=567"}],"wp:term":[{"taxonomy":"category","embeddable":true,"href":"https:\/\/clickcarangola.com.br\/site\/wp-json\/wp\/v2\/categories?post=567"},{"taxonomy":"post_tag","embeddable":true,"href":"https:\/\/clickcarangola.com.br\/site\/wp-json\/wp\/v2\/tags?post=567"}],"curies":[{"name":"wp","href":"https:\/\/api.w.org\/{rel}","templated":true}]}}