{"id":5695,"date":"2012-05-22T10:00:27","date_gmt":"2012-05-22T13:00:27","guid":{"rendered":"https:\/\/clickcarangola.com.br\/site\/?p=5695"},"modified":"2012-05-22T13:54:17","modified_gmt":"2012-05-22T16:54:17","slug":"6-encontro-de-bandas-de-musica-em-carangola","status":"publish","type":"post","link":"https:\/\/clickcarangola.com.br\/site\/22\/05\/2012\/6-encontro-de-bandas-de-musica-em-carangola\/","title":{"rendered":"6\u00ba Encontro de Bandas de M\u00fasica em Carangola"},"content":{"rendered":"<div>\n<div>\n<p style=\"text-align: justify;\"><span style=\"color: #888888;\"><img loading=\"lazy\" decoding=\"async\" class=\"alignleft\" src=\"https:\/\/3.bp.blogspot.com\/--UP5j9dftcg\/T7pds_D7a0I\/AAAAAAAAC-A\/N5Q4ZlpgMbo\/s400\/DSC06514.JPG\" border=\"0\" alt=\"\" width=\"125\" height=\"125\" \/>O 6\u00ba Encontro de Bandas de M\u00fasica foi realizado neste domingo, dia 20, em Carangola. <\/span><\/p>\n<p style=\"text-align: justify;\"><span style=\"color: #888888;\">A Pra\u00e7a Coronel Maximiano foi palco de um dos maiores eventos culturais j\u00e1 visto nos \u00faltimos tempos em toda a regi\u00e3o.<!--more--><\/span><\/p>\n<p style=\"text-align: justify;\"><span style=\"color: #888888;\">\u00a0<\/span><span style=\"color: #888888;\">\u00a0<\/span><\/p>\n<p style=\"text-align: justify;\"><span style=\"color: #888888;\"><img loading=\"lazy\" decoding=\"async\" src=\"https:\/\/3.bp.blogspot.com\/--UP5j9dftcg\/T7pds_D7a0I\/AAAAAAAAC-A\/N5Q4ZlpgMbo\/s400\/DSC06514.JPG\" border=\"0\" alt=\"\" width=\"264\" height=\"227\" \/><\/span><\/p>\n<p style=\"text-align: justify;\"><span style=\"color: #888888;\">&#8220;O Prefeito Patrick esteve presente no evento que tamb\u00e9m contou com a presen\u00e7a do Vice-prefeito de Carm\u00f3polis (\u00e0 direita) e do Major Andr\u00e9 de S\u00e1 (\u00e0 esquerda).&#8221;<\/span><\/p>\n<p style=\"text-align: justify;\"><span style=\"color: #888888;\">Coordenado por Niza Drumond,\u00a0o 6\u00b0 Encontro de Bandas de M\u00fasica superou a expectativa do p\u00fablico e atraiu uma verdadeira multid\u00e3o para a regi\u00e3o central da cidade.<\/span><\/p>\n<p style=\"text-align: justify;\"><span style=\"color: #888888;\">As bandas de m\u00fasica fizeram o desfile na Rua Marechal Deodoro, pela manh\u00e3, abrindo o encontro. Logo em seguida, a <\/span><span style=\"color: #888888;\">Pra\u00e7a Coronel Maximiano se transformou em um cen\u00e1rio de festa. Dezoito bandas de v\u00e1rias cidades de Minas, Rio, Esp\u00edrito Santo e Sergipe deram um show de talento e emo\u00e7\u00e3o, com m\u00fasicas conhecidas e adapta\u00e7\u00f5es cinematogr\u00e1ficas. <\/span><\/p>\n<p style=\"text-align: justify;\"><span style=\"color: #888888;\">O destaque foi a Banda Musical de Marcha de Carm\u00f3polis, Sergipe, com cem integrantes. Com uniformes padronizados, eles desfilaram com balizas e presentearam o p\u00fablico com um show de acrobacias com bandeiras. Com um repert\u00f3rio musical de bom gosto, eles se despediram do evento com um sincronizado arranjo da trilha sonora do filme Piratas do Caribe. <\/span><\/p>\n<p style=\"text-align: justify;\"><span style=\"color: #888888;\">\u00a0<\/span><span style=\"color: #ff0000;\">Confira as imagens:<\/span><\/p>\n<p style=\"text-align: justify;\"><img loading=\"lazy\" decoding=\"async\" src=\"https:\/\/1.bp.blogspot.com\/-EYdZWFA1gys\/T7pdfQOts1I\/AAAAAAAAC9o\/G_SD9U4w7YU\/s640\/DSC06509.JPG\" border=\"0\" alt=\"\" width=\"300\" height=\"226\" \/><\/p>\n<p style=\"text-align: justify;\"><img loading=\"lazy\" decoding=\"async\" src=\"https:\/\/1.bp.blogspot.com\/-ZZOuoaVUzV8\/T7rgkLjkAsI\/AAAAAAAADA4\/Hr0uqW72AU8\/s320\/DSC06706.JPG\" border=\"0\" alt=\"\" width=\"297\" height=\"196\" \/><\/p>\n<p style=\"text-align: justify;\"><img loading=\"lazy\" decoding=\"async\" src=\"https:\/\/2.bp.blogspot.com\/-lAdQknQazPI\/T7rgSHS1AAI\/AAAAAAAADAo\/pgggZd_UBno\/s400\/DSC06684.JPG\" border=\"0\" alt=\"\" width=\"300\" height=\"226\" \/><\/p>\n<p style=\"text-align: justify;\"><span style=\"color: #ff0000;\"><img loading=\"lazy\" decoding=\"async\" src=\"https:\/\/3.bp.blogspot.com\/-iX1sMPGJNwY\/T7pcdy91XtI\/AAAAAAAAC8I\/ZmL3-IbCQdQ\/s200\/DSC06480.JPG\" border=\"0\" alt=\"\" width=\"200\" height=\"150\" \/>\u00a0<\/span><\/p>\n<p style=\"text-align: justify;\"><span style=\"color: #ff0000;\"><img loading=\"lazy\" decoding=\"async\" src=\"https:\/\/3.bp.blogspot.com\/-rc2-kO-XTXY\/T7pc-rWbUPI\/AAAAAAAAC84\/uAhFLouLe_g\/s200\/DSC06494.JPG\" border=\"0\" alt=\"\" width=\"200\" height=\"150\" \/><\/span><\/p>\n<p style=\"text-align: justify;\"><img loading=\"lazy\" decoding=\"async\" src=\"https:\/\/4.bp.blogspot.com\/-6yd8USDJKCk\/T7rga3c227I\/AAAAAAAADAw\/ScxKtq-r5lI\/s200\/DSC06686.JPG\" border=\"0\" alt=\"\" width=\"200\" height=\"150\" \/>\u00a0<\/p>\n<p style=\"text-align: justify;\"><img loading=\"lazy\" decoding=\"async\" src=\"https:\/\/2.bp.blogspot.com\/-LsHDHut1uBk\/T7rgIbLd2bI\/AAAAAAAADAg\/D5GPibydxQY\/s200\/DSC06682.JPG\" border=\"0\" alt=\"\" width=\"200\" height=\"150\" \/><\/p>\n<p style=\"text-align: justify;\"><img loading=\"lazy\" decoding=\"async\" src=\"https:\/\/4.bp.blogspot.com\/-lZQ3hyoc7JA\/T7rhZWpGA_I\/AAAAAAAADBI\/P9VZD7PVNnA\/s200\/DSC06603.JPG\" border=\"0\" alt=\"\" width=\"200\" height=\"150\" \/><\/p>\n<p style=\"text-align: justify;\"><img loading=\"lazy\" decoding=\"async\" src=\"https:\/\/1.bp.blogspot.com\/-qJxX6wqGelY\/T7rhRBaEW9I\/AAAAAAAADBA\/p5Qv8RlsZsU\/s200\/DSC06602.JPG\" border=\"0\" alt=\"\" width=\"200\" height=\"150\" \/><\/p>\n<p style=\"text-align: justify;\"><img loading=\"lazy\" decoding=\"async\" src=\"https:\/\/3.bp.blogspot.com\/-O-lL9_TeXYY\/T7rh7riBsII\/AAAAAAAADBQ\/SXPioU5RpaU\/s200\/DSC06714.JPG\" border=\"0\" alt=\"\" width=\"200\" height=\"150\" \/><\/p>\n<p style=\"text-align: justify;\"><img loading=\"lazy\" decoding=\"async\" src=\"https:\/\/1.bp.blogspot.com\/-ssthAoQaaSo\/T7riHhRcErI\/AAAAAAAADBY\/PQ7gdclYt0o\/s200\/DSC06715.JPG\" border=\"0\" alt=\"\" width=\"200\" height=\"150\" \/><\/p>\n<\/div>\n<div><span style=\"color: #888888;\">Por: Click Carangola | Sugest\u00f5es de pauta: <a href=\"mailto:clickcarangola@gmail.com\">clickcarangola@gmail.com<\/a><\/span><\/div>\n<div><span style=\"color: #888888;\">\u00a0<\/span><\/div>\n<\/div>\n","protected":false},"excerpt":{"rendered":"<p>O 6\u00ba Encontro de Bandas de M\u00fasica foi realizado neste domingo, dia 20, em Carangola. A Pra\u00e7a Coronel Maximiano foi palco de um dos maiores eventos culturais j\u00e1 visto nos \u00faltimos tempos em toda a regi\u00e3o.<\/p>\n","protected":false},"author":2,"featured_media":0,"comment_status":"open","ping_status":"open","sticky":false,"template":"","format":"standard","meta":{"footnotes":""},"categories":[37],"tags":[],"class_list":["post-5695","post","type-post","status-publish","format-standard","hentry","category-carangola-mg"],"_links":{"self":[{"href":"https:\/\/clickcarangola.com.br\/site\/wp-json\/wp\/v2\/posts\/5695","targetHints":{"allow":["GET"]}}],"collection":[{"href":"https:\/\/clickcarangola.com.br\/site\/wp-json\/wp\/v2\/posts"}],"about":[{"href":"https:\/\/clickcarangola.com.br\/site\/wp-json\/wp\/v2\/types\/post"}],"author":[{"embeddable":true,"href":"https:\/\/clickcarangola.com.br\/site\/wp-json\/wp\/v2\/users\/2"}],"replies":[{"embeddable":true,"href":"https:\/\/clickcarangola.com.br\/site\/wp-json\/wp\/v2\/comments?post=5695"}],"version-history":[{"count":18,"href":"https:\/\/clickcarangola.com.br\/site\/wp-json\/wp\/v2\/posts\/5695\/revisions"}],"predecessor-version":[{"id":5697,"href":"https:\/\/clickcarangola.com.br\/site\/wp-json\/wp\/v2\/posts\/5695\/revisions\/5697"}],"wp:attachment":[{"href":"https:\/\/clickcarangola.com.br\/site\/wp-json\/wp\/v2\/media?parent=5695"}],"wp:term":[{"taxonomy":"category","embeddable":true,"href":"https:\/\/clickcarangola.com.br\/site\/wp-json\/wp\/v2\/categories?post=5695"},{"taxonomy":"post_tag","embeddable":true,"href":"https:\/\/clickcarangola.com.br\/site\/wp-json\/wp\/v2\/tags?post=5695"}],"curies":[{"name":"wp","href":"https:\/\/api.w.org\/{rel}","templated":true}]}}