{"id":5718,"date":"2012-05-22T11:00:14","date_gmt":"2012-05-22T14:00:14","guid":{"rendered":"https:\/\/clickcarangola.com.br\/site\/?p=5718"},"modified":"2012-05-23T15:55:37","modified_gmt":"2012-05-23T18:55:37","slug":"porta-a-porta-traca-avancos-sociais-a-200-mil-domicilios-de-71-municipios-mineiros","status":"publish","type":"post","link":"https:\/\/clickcarangola.com.br\/site\/22\/05\/2012\/porta-a-porta-traca-avancos-sociais-a-200-mil-domicilios-de-71-municipios-mineiros\/","title":{"rendered":"Porta a Porta tra\u00e7a avan\u00e7os sociais a 200 mil domic\u00edlios de 71 munic\u00edpios mineiros"},"content":{"rendered":"<p style=\"color: #888888;\"><img loading=\"lazy\" decoding=\"async\" class=\"alignleft\" src=\"https:\/\/www.agenciaminas.mg.gov.br\/media\/portal\/imagens\/2012\/05\/cache\/porta-a-porta-traca-avancos-sociais-a-200-mil-domicilios-de-71-municipios-mineiros_n_i_left.JPG\" alt=\"\" width=\"125\" height=\"125\" \/><\/p>\n<p style=\"text-align: justify;\"><span style=\"color: #888888;\">Mapeamento realizado pelo Projeto Porta a Porta, coordenado pela Secretaria de Estado de Desenvolvimento Social (Sedese), identificou as principais priva\u00e7\u00f5es identificadas pelos cidad\u00e3os de cerca de 200 mil domic\u00edlios de 71 munic\u00edpios mineiros de todas as regi\u00f5es do Estado.<\/span><\/p>\n<p style=\"text-align: justify;\"><span style=\"color: #888888;\">Dentre os pontos identificados est\u00e3o o n\u00edvel de escolaridade, o acesso \u00e0 \u00e1gua pot\u00e1vel e defici\u00eancias nos sistemas de saneamento.<!--more--><\/span><\/p>\n<div><span style=\"color: #888888;\">\u00a0<\/span><\/div>\n<div><span style=\"color: #888888;\">\u00a0<\/span><\/div>\n<div><span style=\"color: #888888;\">\u00a0<\/span><\/div>\n<div><span style=\"color: #888888;\"><\/span><\/div>\n<p><span style=\"color: #888888;\"><\/p>\n<div><img loading=\"lazy\" decoding=\"async\" src=\"https:\/\/www.agenciaminas.mg.gov.br\/media\/portal\/imagens\/2012\/05\/cache\/porta-a-porta-traca-avancos-sociais-a-200-mil-domicilios-de-71-municipios-mineiros_n_i_left.JPG\" alt=\"\" width=\"300\" height=\"226\" \/><\/div>\n<div><span style=\"color: #888888;\"><span style=\"color: #888888;\">\u00a0<\/span><\/span><\/div>\n<div><span style=\"color: #888888;\"><span style=\"color: #888888;\">&#8220;Sedese promove reuni\u00e3o com prefeitos, secret\u00e1rios e representantes de 71 cidades mineiras.&#8221;<\/span><\/span><\/div>\n<p>\u00a0<\/p>\n<p><\/span><\/p>\n<p style=\"text-align: justify;\"><span style=\"color: #888888;\">Este diagn\u00f3stico ir\u00e1 fomentar a aplica\u00e7\u00e3o de pol\u00edticas p\u00fablicas espec\u00edficas para assegurar condi\u00e7\u00f5es de vida adequadas aos cidad\u00e3os. As visitas foram realizadas entre mar\u00e7o e abril deste ano. Os question\u00e1rios apontaram que em 72% dos domic\u00edlios visitados, pelo menos uma pessoa, com mais de 15 anos, tem menos de cinco anos de estudo. O diagn\u00f3stico apontou que 23% dos domic\u00edlios s\u00e3o carentes de sanit\u00e1rio (n\u00e3o tem pia, chuveiro ou vaso sanit\u00e1rio) e 20% n\u00e3o tem acesso \u00e0 \u00e1gua encanada.<\/span><\/p>\n<p style=\"text-align: justify;\"><span style=\"color: #888888;\">Com o resultado, o Governo de Minas vai incluir as fam\u00edlias dos domic\u00edlios mapeados em a\u00e7\u00f5es e programas, como o Travessia. Por isso, prefeitos, secret\u00e1rios e representantes das 71 cidades envolvidas est\u00e3o reunidos at\u00e9 a pr\u00f3xima sexta-feira (25), na sede Sedese, na Cidade Administrativa, com a equipe do Programa Travessia \u2013 para elaborar o Plano de Interven\u00e7\u00e3o do Travessia Social.<\/span><\/p>\n<p style=\"text-align: justify;\"><span style=\"color: #888888;\">\u201c\u00c9 um momento de ver o retrato da pobreza nos domic\u00edlios e fechar o conjunto de a\u00e7\u00f5es que ser\u00e3o levadas aos munic\u00edpios. Temos a fotografia que nos mostra a real situa\u00e7\u00e3o das fam\u00edlias e, com isso, vamos planejar as interven\u00e7\u00f5es para mudar essa realidade. Essa \u00e9 a verdadeira travessia, as fam\u00edlias v\u00e3o sair da priva\u00e7\u00e3o para serem inclu\u00eddas, de forma efetiva, nas pol\u00edticas p\u00fablicas do Estado\u201d, destacou a subsecret\u00e1ria de Projetos Especiais, Roberta de Lima.<\/span><\/p>\n<p style=\"text-align: justify;\"><span style=\"color: #888888;\">Lan\u00e7ado em 2011 pelo Governo de Minas e coordenado pela Sedese, o Porta a Porta promove, de casa em casa, a busca ativa para identificar as reais necessidades das fam\u00edlias em situa\u00e7\u00e3o de vulnerabilidade social e, assim, subsidiar as a\u00e7\u00f5es do Programa Travessia. No ano passado, mais de 128 mil domic\u00edlios foram visitados pelo Porta a Porta em 59 cidades. \u201cNosso munic\u00edpio est\u00e1 precisando de investimento na \u00e1rea social e esses projetos v\u00e3o promover a melhoria de vida dos mais necessitados\u201d, ressaltou o prefeito de Pe\u00e7anha, Marcos Geraldo Pereira.<\/span><\/p>\n<p style=\"text-align: justify;\"><span style=\"color: #ff0000;\">Programa Travessia<\/span><\/p>\n<p style=\"text-align: justify;\"><span style=\"color: #888888;\">Coordenado pela Sedese, o programa foi lan\u00e7ado em 2008 e visa, por meio de a\u00e7\u00f5es articuladas junto a v\u00e1rias secretarias e \u00f3rg\u00e3os estaduais, promover a inclus\u00e3o social e produtiva da popula\u00e7\u00e3o, bem como minimizar as priva\u00e7\u00f5es sociais em que esta popula\u00e7\u00e3o se encontra. At\u00e9 2011, o Travessia beneficiou 154 cidades, distribu\u00eddas nas 10 macrorregi\u00f5es de planejamento do Estado.<\/span><\/p>\n<p style=\"text-align: justify;\"><span style=\"color: #888888;\">Neste ano, o Travessia ganhou um novo escopo e foi divido estrategicamente em sete projetos: Porta a Porta, Travessia Social, Travessia Renda, Travessia Sa\u00fade, Travessia Educa\u00e7\u00e3o, Banco Travessia e Com Licen\u00e7a Vou \u00e0 Luta.<\/span>\u00a0<\/p>\n<p style=\"text-align: justify;\"><a href=\"https:\/\/www.agenciaminas.mg.gov.br\/media\/uploads\/2012\/05\/22\/sedese.pdf\">Clique aqui<\/a>\u00a0<span style=\"color: #808080;\">para ver a rela\u00e7\u00e3o de munic\u00edpios beneficiados pelo Porta a Porta em 2012 (arquivo PDF). Com informa\u00e7\u00f5es de D\u00e9bora Ozorio.<\/span><\/p>\n<p style=\"text-align: justify;\"><span style=\"color: #808080;\">Por: Click Carangola | Sugest\u00f5es de pauta: <a href=\"mailto:clickcarangola@gmail.com\">clickcarangola@gmail.com<\/a> <\/span><\/p>\n","protected":false},"excerpt":{"rendered":"<p>Mapeamento realizado pelo Projeto Porta a Porta, coordenado pela Secretaria de Estado de Desenvolvimento Social (Sedese), identificou as principais priva\u00e7\u00f5es identificadas pelos cidad\u00e3os de cerca de 200 mil domic\u00edlios de 71 munic\u00edpios mineiros de todas as regi\u00f5es do Estado. Dentre os pontos identificados est\u00e3o o n\u00edvel de escolaridade, o acesso \u00e0 \u00e1gua pot\u00e1vel e defici\u00eancias [&hellip;]<\/p>\n","protected":false},"author":2,"featured_media":0,"comment_status":"open","ping_status":"open","sticky":false,"template":"","format":"standard","meta":{"footnotes":""},"categories":[1],"tags":[],"class_list":["post-5718","post","type-post","status-publish","format-standard","hentry","category-regional"],"_links":{"self":[{"href":"https:\/\/clickcarangola.com.br\/site\/wp-json\/wp\/v2\/posts\/5718","targetHints":{"allow":["GET"]}}],"collection":[{"href":"https:\/\/clickcarangola.com.br\/site\/wp-json\/wp\/v2\/posts"}],"about":[{"href":"https:\/\/clickcarangola.com.br\/site\/wp-json\/wp\/v2\/types\/post"}],"author":[{"embeddable":true,"href":"https:\/\/clickcarangola.com.br\/site\/wp-json\/wp\/v2\/users\/2"}],"replies":[{"embeddable":true,"href":"https:\/\/clickcarangola.com.br\/site\/wp-json\/wp\/v2\/comments?post=5718"}],"version-history":[{"count":5,"href":"https:\/\/clickcarangola.com.br\/site\/wp-json\/wp\/v2\/posts\/5718\/revisions"}],"predecessor-version":[{"id":5721,"href":"https:\/\/clickcarangola.com.br\/site\/wp-json\/wp\/v2\/posts\/5718\/revisions\/5721"}],"wp:attachment":[{"href":"https:\/\/clickcarangola.com.br\/site\/wp-json\/wp\/v2\/media?parent=5718"}],"wp:term":[{"taxonomy":"category","embeddable":true,"href":"https:\/\/clickcarangola.com.br\/site\/wp-json\/wp\/v2\/categories?post=5718"},{"taxonomy":"post_tag","embeddable":true,"href":"https:\/\/clickcarangola.com.br\/site\/wp-json\/wp\/v2\/tags?post=5718"}],"curies":[{"name":"wp","href":"https:\/\/api.w.org\/{rel}","templated":true}]}}