{"id":5734,"date":"2012-05-23T10:35:31","date_gmt":"2012-05-23T13:35:31","guid":{"rendered":"https:\/\/clickcarangola.com.br\/site\/?p=5734"},"modified":"2012-05-23T16:35:23","modified_gmt":"2012-05-23T19:35:23","slug":"montes-claros-registra-quinto-tremor-de-terra-e-moradores-ficam-assustados","status":"publish","type":"post","link":"https:\/\/clickcarangola.com.br\/site\/23\/05\/2012\/montes-claros-registra-quinto-tremor-de-terra-e-moradores-ficam-assustados\/","title":{"rendered":"Montes Claros registra quinto tremor de terra e moradores ficam assustados"},"content":{"rendered":"<p style=\"text-align: justify;\"><span style=\"color: #888888;\"><img loading=\"lazy\" decoding=\"async\" class=\"alignleft\" src=\"https:\/\/www.tribunahoje.com\/vgmidia\/imagens\/40772_ext_arquivo.jpg\" alt=\"\" width=\"125\" height=\"125\" \/>Um novo tremor de terra assustou moradores de Montes Claros, na Regi\u00e3o Norte de Minas Gerais. De acordo com o Observat\u00f3rio Sismol\u00f3gico (Obsis) da Universidade de Bras\u00edlia (UnB), o abalo foi registrado por volta das 14h de ontem. Este \u00e9 o quinto terremoto confirmado em quatro dias na cidade. A cidade fica a 417 quil\u00f4metros deBelo Horizonte. <\/span><\/p>\n<p style=\"text-align: justify;\"><span style=\"color: #888888;\">De acordo com o analista de sinal s\u00edsmico Jo\u00e3o Alberto Cruzeiro, do Observat\u00f3rio Sismol\u00f3gico (Obsis) da Universidade de Bras\u00edlia (UnB), o abalo teve a dura\u00e7\u00e3o de tr\u00eas segundos e 2,6 graus na escala Richter. O analista falou ainda que os tremores n\u00e3o t\u00eam previs\u00e3o para cessar. Por\u00e9m, Jo\u00e3o Alberto afirmou que, de acordo com as estat\u00edsticas, os abalos tendem a reduzir de magnitude e de periodicidade.<!--more--><\/span><\/p>\n<p style=\"text-align: justify;\"><span style=\"color: #888888;\"><img loading=\"lazy\" decoding=\"async\" src=\"https:\/\/www.tribunahoje.com\/vgmidia\/imagens\/40772_ext_arquivo.jpg\" alt=\"\" width=\"308\" height=\"240\" \/><\/span><\/p>\n<p style=\"text-align: justify;\"><span style=\"color: #888888;\">&#8220;Imagem mostra correira\u00a0em shopping de Montes Claros.<\/span><\/p>\n<p style=\"text-align: justify;\"><span style=\"color: #888888;\">Segundo o site Expresso MT, o morador de Montes Claros Marco Aur\u00e9lio Mesquita, de 37 anos, relatou que o abalo da tarde desta ter\u00e7a-feira (22) foi mais forte do que o do \u00faltimo domingo (20). \u201cA popula\u00e7\u00e3o est\u00e1 assustada, n\u00e3o conseguimos mais dormir tranquilos\u201d, contou o morador que ainda pediu por um esclarecimento de como agir em momentos como este.<\/span><\/p>\n<p style=\"text-align: justify;\"><span style=\"color: #888888;\">O tenente Dilson Veloso, do Corpo de Bombeiros, explicou que em situa\u00e7\u00f5es como esta a popula\u00e7\u00e3o deve manter a calma e a tranquilidade. Veloso falou ainda que o ideal seria sair de casa, ir para um quintal ou para a rua. \u201cAs pessoas devem procurar por um local aberto, pois s\u00e3o mais seguros\u201d, explicou.<\/span><\/p>\n<p style=\"text-align: justify;\"><span style=\"color: #888888;\">Neste s\u00e1bado (19), o Obsis registrou dois tremores na cidade. O mais forte foi pouco antes das 11h, com dura\u00e7\u00e3o de tr\u00eas segundos e intensidade de 4,2 graus na escala Richter. O segundo tremor foi registrado no come\u00e7o da tarde. N\u00e3o houve feridos, segundo o Corpo de Bombeiros. O solo voltou a tremer no domingo (20), quando foram notificados mais dois abalos com intensidades de 2,7 e 2,9 graus. Al\u00e9m dos registrados pelo observat\u00f3rio, moradores relataram ter sentido outros tremores. O chefe da Defesa Civil na cidade informou ao G1 que, ao todo, a terra tremeu seis vezes s\u00f3 durante o fim de semana.<\/span><\/p>\n<p style=\"text-align: justify;\"><span style=\"color: #888888;\">Por: Click Carangola | Sugest\u00f5es de pauta: <a href=\"mailto:clickcarangola@gmail.com\">clickcarangola@gmail.com<\/a> <\/span><\/p>\n","protected":false},"excerpt":{"rendered":"<p>Um novo tremor de terra assustou moradores de Montes Claros, na Regi\u00e3o Norte de Minas Gerais. De acordo com o Observat\u00f3rio Sismol\u00f3gico (Obsis) da Universidade de Bras\u00edlia (UnB), o abalo foi registrado por volta das 14h de ontem. Este \u00e9 o quinto terremoto confirmado em quatro dias na cidade. A cidade fica a 417 quil\u00f4metros [&hellip;]<\/p>\n","protected":false},"author":2,"featured_media":0,"comment_status":"open","ping_status":"open","sticky":false,"template":"","format":"standard","meta":{"footnotes":""},"categories":[1],"tags":[],"class_list":["post-5734","post","type-post","status-publish","format-standard","hentry","category-regional"],"_links":{"self":[{"href":"https:\/\/clickcarangola.com.br\/site\/wp-json\/wp\/v2\/posts\/5734","targetHints":{"allow":["GET"]}}],"collection":[{"href":"https:\/\/clickcarangola.com.br\/site\/wp-json\/wp\/v2\/posts"}],"about":[{"href":"https:\/\/clickcarangola.com.br\/site\/wp-json\/wp\/v2\/types\/post"}],"author":[{"embeddable":true,"href":"https:\/\/clickcarangola.com.br\/site\/wp-json\/wp\/v2\/users\/2"}],"replies":[{"embeddable":true,"href":"https:\/\/clickcarangola.com.br\/site\/wp-json\/wp\/v2\/comments?post=5734"}],"version-history":[{"count":1,"href":"https:\/\/clickcarangola.com.br\/site\/wp-json\/wp\/v2\/posts\/5734\/revisions"}],"predecessor-version":[{"id":5735,"href":"https:\/\/clickcarangola.com.br\/site\/wp-json\/wp\/v2\/posts\/5734\/revisions\/5735"}],"wp:attachment":[{"href":"https:\/\/clickcarangola.com.br\/site\/wp-json\/wp\/v2\/media?parent=5734"}],"wp:term":[{"taxonomy":"category","embeddable":true,"href":"https:\/\/clickcarangola.com.br\/site\/wp-json\/wp\/v2\/categories?post=5734"},{"taxonomy":"post_tag","embeddable":true,"href":"https:\/\/clickcarangola.com.br\/site\/wp-json\/wp\/v2\/tags?post=5734"}],"curies":[{"name":"wp","href":"https:\/\/api.w.org\/{rel}","templated":true}]}}