{"id":5736,"date":"2012-05-24T17:05:30","date_gmt":"2012-05-24T20:05:30","guid":{"rendered":"https:\/\/clickcarangola.com.br\/site\/?p=5736"},"modified":"2012-05-24T17:14:27","modified_gmt":"2012-05-24T20:14:27","slug":"educativa-fm-comemora-07-anos-no-ar","status":"publish","type":"post","link":"https:\/\/clickcarangola.com.br\/site\/24\/05\/2012\/educativa-fm-comemora-07-anos-no-ar\/","title":{"rendered":"Educativa FM comemora 07 anos no ar"},"content":{"rendered":"<p style=\"text-align: justify;\"><strong><img loading=\"lazy\" decoding=\"async\" class=\"alignleft\" src=\"https:\/\/www.educativafmcarangola.com\/uploads\/fotos\/d9a48ae048e8f4852dc146674cb017ea.jpg\" alt=\"\" width=\"103\" height=\"88\" \/><\/strong><\/p>\n<p style=\"text-align: justify;\"><span style=\"color: #888888;\">A R\u00e1dio Educativa FM 96,7 \u00e9 uma empresa da Funda\u00e7\u00e3o Santa Luzia, ligada \u00e0 igreja cat\u00f3lica idealizada pelo ent\u00e3o p\u00e1roco da Par\u00f3quia de Santa Luzia Pe. Odilon, hoje bispo da Diocese de Itabira (MG).<\/span><\/p>\n<p style=\"text-align: justify;\"><span style=\"color: #888888;\">Foi ao ar em car\u00e1ter experimental no m\u00eas de maio de 2005 ap\u00f3s a homologa\u00e7\u00e3o da concess\u00e3o por parte da Anatel no Di\u00e1rio Oficial da Uni\u00e3o.<!--more--><\/span><\/p>\n<p style=\"text-align: justify;\"><span style=\"color: #888888;\"><img loading=\"lazy\" decoding=\"async\" src=\"https:\/\/www.educativafmcarangola.com\/uploads\/fotos\/d9a48ae048e8f4852dc146674cb017ea.jpg\" alt=\"\" width=\"300\" height=\"226\" \/><\/span><\/p>\n<p style=\"text-align: justify;\">\n<div style=\"text-align: justify;\"><span style=\"color: #888888;\">&#8220;Imagem da Sede da emissora.&#8221;<\/span><\/div>\n<p style=\"text-align: justify;\"><span style=\"color: #888888;\">Hoje, a educativa \u00e9 uma realidade em Carangola e regi\u00e3o, com o prop\u00f3sito de formar e informar os cidad\u00e3os carangolenses e de toda regi\u00e3o com uma programa\u00e7\u00e3o voltada para a promo\u00e7\u00e3o do ser humano.<\/span><\/p>\n<p style=\"text-align: justify;\"><span style=\"color: #888888;\">Jornalismo, entretenimento, evangeliza\u00e7\u00e3o e m\u00fasicas. Sempre focando a qualidade que o ouvinte merece. <\/span><\/p>\n<p style=\"text-align: justify;\"><span style=\"color: #888888;\"><span style=\"color: #888888;\">Em comemora\u00e7\u00e3o aos\u00a0sete anos da emissora, no dia 02 de junho, ser\u00e1 celebrada uma Missa em A\u00e7\u00e3o de Gra\u00e7as, \u00e0s 18h, no Santu\u00e1rio de Santa Luzia. <\/span><span style=\"color: #888888;\">Logo ap\u00f3s, no p\u00e1tio da matriz, acontecer\u00e1 um sarau cat\u00f3lico com a presen\u00e7a de grupos musicais de Carangola, como o Minist\u00e9rio Effata, os Grupos Adorai, Alian\u00e7a Eterna, Bom Pastor e outros. <\/span><span style=\"color: #888888;\">Pr\u00eamios ser\u00e3o sorteados e as pastorais da igreja oferecer\u00e3o um lanche comunit\u00e1rio. <\/span>Com informa\u00e7\u00f5es de J\u00f3se Alfredo.<\/span><\/p>\n<p style=\"text-align: justify;\"><span style=\"color: #888888;\">Por: Click Carangola | Sugest\u00f5es de pauta: <a href=\"mailto:clickcarangola@gmail.com\">clickcarangola@gmail.com<\/a> <\/span><\/p>\n","protected":false},"excerpt":{"rendered":"<p>A R\u00e1dio Educativa FM 96,7 \u00e9 uma empresa da Funda\u00e7\u00e3o Santa Luzia, ligada \u00e0 igreja cat\u00f3lica idealizada pelo ent\u00e3o p\u00e1roco da Par\u00f3quia de Santa Luzia Pe. Odilon, hoje bispo da Diocese de Itabira (MG). Foi ao ar em car\u00e1ter experimental no m\u00eas de maio de 2005 ap\u00f3s a homologa\u00e7\u00e3o da concess\u00e3o por parte da Anatel [&hellip;]<\/p>\n","protected":false},"author":2,"featured_media":0,"comment_status":"open","ping_status":"open","sticky":false,"template":"","format":"standard","meta":{"footnotes":""},"categories":[37],"tags":[],"class_list":["post-5736","post","type-post","status-publish","format-standard","hentry","category-carangola-mg"],"_links":{"self":[{"href":"https:\/\/clickcarangola.com.br\/site\/wp-json\/wp\/v2\/posts\/5736","targetHints":{"allow":["GET"]}}],"collection":[{"href":"https:\/\/clickcarangola.com.br\/site\/wp-json\/wp\/v2\/posts"}],"about":[{"href":"https:\/\/clickcarangola.com.br\/site\/wp-json\/wp\/v2\/types\/post"}],"author":[{"embeddable":true,"href":"https:\/\/clickcarangola.com.br\/site\/wp-json\/wp\/v2\/users\/2"}],"replies":[{"embeddable":true,"href":"https:\/\/clickcarangola.com.br\/site\/wp-json\/wp\/v2\/comments?post=5736"}],"version-history":[{"count":7,"href":"https:\/\/clickcarangola.com.br\/site\/wp-json\/wp\/v2\/posts\/5736\/revisions"}],"predecessor-version":[{"id":5740,"href":"https:\/\/clickcarangola.com.br\/site\/wp-json\/wp\/v2\/posts\/5736\/revisions\/5740"}],"wp:attachment":[{"href":"https:\/\/clickcarangola.com.br\/site\/wp-json\/wp\/v2\/media?parent=5736"}],"wp:term":[{"taxonomy":"category","embeddable":true,"href":"https:\/\/clickcarangola.com.br\/site\/wp-json\/wp\/v2\/categories?post=5736"},{"taxonomy":"post_tag","embeddable":true,"href":"https:\/\/clickcarangola.com.br\/site\/wp-json\/wp\/v2\/tags?post=5736"}],"curies":[{"name":"wp","href":"https:\/\/api.w.org\/{rel}","templated":true}]}}