{"id":5758,"date":"2012-05-25T09:00:14","date_gmt":"2012-05-25T12:00:14","guid":{"rendered":"https:\/\/clickcarangola.com.br\/site\/?p=5758"},"modified":"2012-05-26T09:15:45","modified_gmt":"2012-05-26T12:15:45","slug":"conheca-mais-tres-candidatas-ao-rainha-do-cafe-2012","status":"publish","type":"post","link":"https:\/\/clickcarangola.com.br\/site\/25\/05\/2012\/conheca-mais-tres-candidatas-ao-rainha-do-cafe-2012\/","title":{"rendered":"Conhe\u00e7a mais tr\u00eas candidatas ao Rainha do Caf\u00e9 2012"},"content":{"rendered":"<p><img loading=\"lazy\" decoding=\"async\" class=\"alignleft\" src=\"https:\/\/www.manhuacu.com\/images\/stories\/noticias\/maio12_3\/elas.jpg\" border=\"0\" alt=\"\" width=\"125\" height=\"125\" \/><\/p>\n<p style=\"text-align: justify;\"><span style=\"color: #888888;\">O Concurso Rainha do Caf\u00e9 do Estado de Minas Gerais, que esse ano acontecer\u00e1 na cidade de Tombos nos dias 6 a 9 de Junho, promete um verdadeiro show de beleza com muitas mulheres lindas representando mais de 40 cidades mineiras. <\/span><span style=\"color: #888888;\">O Concurso Rainha do Caf\u00e9 \u00e9 um dos mais concorridos e de maior destaque do estado de Minas Gerais. <\/span><\/p>\n<p style=\"text-align: justify;\"><span style=\"color: #888888;\">O evento \u00e9 acompanhado por profissionais da \u00e1rea de moda e beleza que buscam novos rostos e talentos para ag\u00eancias de modelo nacionais e internacionais. Al\u00e9m disso, o concurso tamb\u00e9m tem fins sociais, com intuito de ajudar comunidades carentes dos munic\u00edpios, moradores de comunidades ribeirinhas, creches e asilos.<!--more--><\/span><\/p>\n<p style=\"text-align: justify;\"><span style=\"color: #888888;\"><img loading=\"lazy\" decoding=\"async\" src=\"https:\/\/www.manhuacu.com\/images\/stories\/noticias\/maio12_3\/elas.jpg\" border=\"0\" alt=\"\" width=\"246\" height=\"130\" \/><\/span><\/p>\n<p style=\"text-align: justify;\"><span style=\"color: #ff0000;\">Trio de beldades<\/span><\/p>\n<p style=\"text-align: justify;\"><span style=\"color: #888888;\">Este trio de beldades, coordenado pelo fot\u00f3grafo Tiago Carvalho do Studio Tiago Photo\u00b4s, conta com uma equipe de primeira para fazer desse evento um verdadeiro acontecimento. Ao lado do personal trainner Jo\u00e3o Sales e do estilista Pedro Paulo Mussi, que encabe\u00e7am a lista de parceiros, as representantes contam ainda com o apoio de empresas de diversas \u00e1reas.<\/span><\/p>\n<p><span style=\"color: #ff0000;\">Divin\u00f3polis &#8211; Ana Cec\u00edlia Moura<\/span><\/p>\n<p><span style=\"color: #ff0000;\"><img loading=\"lazy\" decoding=\"async\" src=\"https:\/\/3.bp.blogspot.com\/-iw6tpdqUR70\/T8DGyHzlaCI\/AAAAAAAAA94\/pkpeTUXK97Y\/s1600\/ana.bmp\" border=\"0\" alt=\"\" width=\"200\" height=\"300\" \/><\/span><\/p>\n<p style=\"text-align: justify;\"><span style=\"color: #808080;\">A bela morena Ana Cec\u00edlia Moura d<\/span><span style=\"color: #808080;\">a cidade de Divin\u00f3polis promete fazer bonito em Tombos com medidas invej\u00e1veis e um carisma \u00edmpar. Medindo 1,80m de altura, a bela morena busca o t\u00edtulo representando Divin\u00f3polis, cidade p\u00f3lo do ramo da confec\u00e7\u00e3o e de suas ind\u00fastrias, linha f\u00e9rrea e muitos outros atrativos que estar\u00e3o presentes em seu traje t\u00edpico.<\/span><\/p>\n<p style=\"text-align: justify;\"><span style=\"color: #ff0000;\">Santana do Manhua\u00e7u &#8211; Elis\u00e2ngela Silva<\/span><\/p>\n<p style=\"text-align: justify;\"><span style=\"color: #ff0000;\"><img loading=\"lazy\" decoding=\"async\" src=\"https:\/\/4.bp.blogspot.com\/-Rn4RXMS7QBQ\/T8DHGrQ2fEI\/AAAAAAAAA-A\/2AqNlPDXXl4\/s1600\/elisangela_jpg.bmp\" border=\"0\" alt=\"\" width=\"200\" height=\"300\" \/><\/span><\/p>\n<p style=\"text-align: justify;\"><span style=\"color: #808080;\">A cidade de Santana do Manhua\u00e7u aposta em uma bela negra, de tra\u00e7os ex\u00f3ticos e corpo de brasileira genu\u00edna: Elis\u00e2ngela Silva mede 1,75m de altura e encanta por onde passa com sua educa\u00e7\u00e3o e um sorriso que lhe abrem portas. Na sua apresenta\u00e7\u00e3o com traje t\u00edpico, a cidade de Santana do Manhua\u00e7u lembrar\u00e1 o come\u00e7o da povoa\u00e7\u00e3o do munic\u00edpio com muita ousadia e inova\u00e7\u00e3o.<\/span><\/p>\n<p><span style=\"color: #ff0000;\">Tim\u00f3teo &#8211; Indai\u00e1 Martins<\/span><\/p>\n<p><span style=\"color: #ff0000;\"><img loading=\"lazy\" decoding=\"async\" src=\"https:\/\/3.bp.blogspot.com\/-mlbf4_kdi08\/T8DHYnbGdGI\/AAAAAAAAA-I\/_ax16dl9Po4\/s1600\/indaia_jpg.bmp\" border=\"0\" alt=\"\" width=\"200\" height=\"300\" \/><\/span><\/p>\n<p style=\"text-align: justify;\"><span style=\"color: #808080;\">Da terra do inox, vem mais uma amostra da beleza brasileira. Descendente de \u00edndios, a bela Indai\u00e1 Martins com seus 1,77m de altura promete representar bem seu munic\u00edpio que tantas vezes j\u00e1 participou e j\u00e1 levou t\u00edtulos e boas coloca\u00e7\u00f5es nesse evento. Indai\u00e1 tem tra\u00e7os lindos, e muita personalidade, tentar\u00e1 fazer bonito pela cidade do inox e de tantas outras belezas que ser\u00e3o retratadas com requinte e dinamismo em seu traje t\u00edpico.<\/span><\/p>\n<p style=\"text-align: justify;\"><span style=\"color: #808080;\">Por: Click Carangola | Sugest\u00f5es de pauta: <a href=\"mailto:clickcarangola@gmail.com\">clickcarangola@gmail.com<\/a> <\/span><\/p>\n","protected":false},"excerpt":{"rendered":"<p>O Concurso Rainha do Caf\u00e9 do Estado de Minas Gerais, que esse ano acontecer\u00e1 na cidade de Tombos nos dias 6 a 9 de Junho, promete um verdadeiro show de beleza com muitas mulheres lindas representando mais de 40 cidades mineiras. O Concurso Rainha do Caf\u00e9 \u00e9 um dos mais concorridos e de maior destaque [&hellip;]<\/p>\n","protected":false},"author":2,"featured_media":0,"comment_status":"open","ping_status":"open","sticky":false,"template":"","format":"standard","meta":{"footnotes":""},"categories":[56],"tags":[],"class_list":["post-5758","post","type-post","status-publish","format-standard","hentry","category-tombos-mg"],"_links":{"self":[{"href":"https:\/\/clickcarangola.com.br\/site\/wp-json\/wp\/v2\/posts\/5758","targetHints":{"allow":["GET"]}}],"collection":[{"href":"https:\/\/clickcarangola.com.br\/site\/wp-json\/wp\/v2\/posts"}],"about":[{"href":"https:\/\/clickcarangola.com.br\/site\/wp-json\/wp\/v2\/types\/post"}],"author":[{"embeddable":true,"href":"https:\/\/clickcarangola.com.br\/site\/wp-json\/wp\/v2\/users\/2"}],"replies":[{"embeddable":true,"href":"https:\/\/clickcarangola.com.br\/site\/wp-json\/wp\/v2\/comments?post=5758"}],"version-history":[{"count":7,"href":"https:\/\/clickcarangola.com.br\/site\/wp-json\/wp\/v2\/posts\/5758\/revisions"}],"predecessor-version":[{"id":5760,"href":"https:\/\/clickcarangola.com.br\/site\/wp-json\/wp\/v2\/posts\/5758\/revisions\/5760"}],"wp:attachment":[{"href":"https:\/\/clickcarangola.com.br\/site\/wp-json\/wp\/v2\/media?parent=5758"}],"wp:term":[{"taxonomy":"category","embeddable":true,"href":"https:\/\/clickcarangola.com.br\/site\/wp-json\/wp\/v2\/categories?post=5758"},{"taxonomy":"post_tag","embeddable":true,"href":"https:\/\/clickcarangola.com.br\/site\/wp-json\/wp\/v2\/tags?post=5758"}],"curies":[{"name":"wp","href":"https:\/\/api.w.org\/{rel}","templated":true}]}}