{"id":5774,"date":"2012-05-28T06:00:19","date_gmt":"2012-05-28T09:00:19","guid":{"rendered":"https:\/\/clickcarangola.com.br\/site\/?p=5774"},"modified":"2012-05-28T17:05:00","modified_gmt":"2012-05-28T20:05:00","slug":"carangola-recebe-4-festa-do-bolsa-familia","status":"publish","type":"post","link":"https:\/\/clickcarangola.com.br\/site\/28\/05\/2012\/carangola-recebe-4-festa-do-bolsa-familia\/","title":{"rendered":"Carangola recebe 4\u00aa festa do Bolsa Fam\u00edlia"},"content":{"rendered":"<p style=\"text-align: justify;\"><span style=\"color: #888888;\"><img loading=\"lazy\" decoding=\"async\" class=\"alignleft\" src=\"https:\/\/4.bp.blogspot.com\/-P53zU_SfIFs\/T8NyOw0ACTI\/AAAAAAAADL8\/oJBWx2itCOQ\/s320\/148939_287178258044597_100002572761471_603066_1324259464_n.jpg\" border=\"0\" alt=\"\" width=\"125\" height=\"125\" \/>A Secretaria Municipal de Assist\u00eancia Social de Carangola e o programa Bolsa Fam\u00edlia realizaram neste s\u00e1bado, dia 28, a IV Festa do programa Bolsa Fam\u00edlia. <\/span><\/p>\n<p style=\"text-align: justify;\"><span style=\"color: #888888;\">O tema deste ano \u00e9 \u201cNa luta pela igualdade\u201d. Foi feita emiss\u00e3o gratuita de documentos, corte de cabelo, manicure e maquiagem. As crian\u00e7as tamb\u00e9m se divertiram com cama el\u00e1stica, tobog\u00e3, pula-pula,\u00a0 pintura, m\u00fasica ao vivo\u00a0e pra\u00e7a de alimenta\u00e7\u00e3o.<!--more-->\u00a0<\/span><\/p>\n<p style=\"text-align: justify;\"><span style=\"color: #888888;\">O evento aconteceu das 13h \u00e0s 18h, na pra\u00e7a Coronel Maximiano, regi\u00e3o central da cidade. Confira algumas imagens da festa!<\/span><\/p>\n<p style=\"text-align: justify;\"><span style=\"color: #888888;\"><img loading=\"lazy\" decoding=\"async\" src=\"https:\/\/4.bp.blogspot.com\/-P53zU_SfIFs\/T8NyOw0ACTI\/AAAAAAAADL8\/oJBWx2itCOQ\/s320\/148939_287178258044597_100002572761471_603066_1324259464_n.jpg\" border=\"0\" alt=\"\" width=\"300\" height=\"226\" \/><\/span><\/p>\n<p style=\"text-align: justify;\"><span style=\"color: #888888;\"><span style=\"color: #888888;\"><img loading=\"lazy\" decoding=\"async\" src=\"https:\/\/2.bp.blogspot.com\/-FQpPq6LB1ms\/T8NySt6yEUI\/AAAAAAAADME\/YXM4xv2a7vY\/s320\/179536_287176371378119_100002572761471_603057_1807770649_n.jpg\" border=\"0\" alt=\"\" width=\"300\" height=\"226\" \/><\/span><\/span><\/p>\n<p style=\"text-align: justify;\"><span style=\"color: #888888;\"><span style=\"color: #888888;\"><span style=\"color: #888888;\"><span style=\"color: #888888;\"><img loading=\"lazy\" decoding=\"async\" src=\"https:\/\/3.bp.blogspot.com\/-_FZHaI9rmOE\/T8NyVQnmRMI\/AAAAAAAADMM\/Wzp5K4Rbsus\/s320\/292220_287201241375632_100002572761471_603183_2011995031_n.jpg\" border=\"0\" alt=\"\" width=\"300\" height=\"226\" \/><\/span><\/span><\/span><\/span><\/p>\n<p style=\"text-align: justify;\"><span style=\"color: #888888;\"><span style=\"color: #888888;\"><span style=\"color: #888888;\"><span style=\"color: #888888;\"><img loading=\"lazy\" decoding=\"async\" src=\"https:\/\/3.bp.blogspot.com\/-d8cr6QXWmBs\/T8NyY_uKpUI\/AAAAAAAADMU\/vkg9nKGRmYE\/s320\/292600_287173384711751_1252486302_n.jpg\" border=\"0\" alt=\"\" width=\"300\" height=\"226\" \/><\/span><\/span><\/span><\/span><\/p>\n<p style=\"text-align: justify;\"><span style=\"color: #888888;\"><span style=\"color: #888888;\"><span style=\"color: #888888;\"><span style=\"color: #888888;\">Imagens: Assessoria.<\/span><\/span><\/span><\/span><\/p>\n<p style=\"text-align: justify;\"><span style=\"color: #888888;\"><span style=\"color: #888888;\"><span style=\"color: #888888;\"><span style=\"color: #888888;\">Por: Click Carangola | Sugest\u00f5es de pauta: <a href=\"mailto:clickcarangola@gmail.com\">clickcarangola@gmail.com<\/a><\/span><\/span><\/span><\/span><\/p>\n","protected":false},"excerpt":{"rendered":"<p>A Secretaria Municipal de Assist\u00eancia Social de Carangola e o programa Bolsa Fam\u00edlia realizaram neste s\u00e1bado, dia 28, a IV Festa do programa Bolsa Fam\u00edlia. O tema deste ano \u00e9 \u201cNa luta pela igualdade\u201d. Foi feita emiss\u00e3o gratuita de documentos, corte de cabelo, manicure e maquiagem. As crian\u00e7as tamb\u00e9m se divertiram com cama el\u00e1stica, tobog\u00e3, [&hellip;]<\/p>\n","protected":false},"author":2,"featured_media":0,"comment_status":"open","ping_status":"open","sticky":false,"template":"","format":"standard","meta":{"footnotes":""},"categories":[37],"tags":[],"class_list":["post-5774","post","type-post","status-publish","format-standard","hentry","category-carangola-mg"],"_links":{"self":[{"href":"https:\/\/clickcarangola.com.br\/site\/wp-json\/wp\/v2\/posts\/5774","targetHints":{"allow":["GET"]}}],"collection":[{"href":"https:\/\/clickcarangola.com.br\/site\/wp-json\/wp\/v2\/posts"}],"about":[{"href":"https:\/\/clickcarangola.com.br\/site\/wp-json\/wp\/v2\/types\/post"}],"author":[{"embeddable":true,"href":"https:\/\/clickcarangola.com.br\/site\/wp-json\/wp\/v2\/users\/2"}],"replies":[{"embeddable":true,"href":"https:\/\/clickcarangola.com.br\/site\/wp-json\/wp\/v2\/comments?post=5774"}],"version-history":[{"count":11,"href":"https:\/\/clickcarangola.com.br\/site\/wp-json\/wp\/v2\/posts\/5774\/revisions"}],"predecessor-version":[{"id":5776,"href":"https:\/\/clickcarangola.com.br\/site\/wp-json\/wp\/v2\/posts\/5774\/revisions\/5776"}],"wp:attachment":[{"href":"https:\/\/clickcarangola.com.br\/site\/wp-json\/wp\/v2\/media?parent=5774"}],"wp:term":[{"taxonomy":"category","embeddable":true,"href":"https:\/\/clickcarangola.com.br\/site\/wp-json\/wp\/v2\/categories?post=5774"},{"taxonomy":"post_tag","embeddable":true,"href":"https:\/\/clickcarangola.com.br\/site\/wp-json\/wp\/v2\/tags?post=5774"}],"curies":[{"name":"wp","href":"https:\/\/api.w.org\/{rel}","templated":true}]}}