{"id":5818,"date":"2012-06-01T06:30:29","date_gmt":"2012-06-01T09:30:29","guid":{"rendered":"https:\/\/clickcarangola.com.br\/site\/?p=5818"},"modified":"2012-06-01T16:08:22","modified_gmt":"2012-06-01T19:08:22","slug":"fervedouro-tera-representante-na-febacla","status":"publish","type":"post","link":"https:\/\/clickcarangola.com.br\/site\/01\/06\/2012\/fervedouro-tera-representante-na-febacla\/","title":{"rendered":"Fervedouro ter\u00e1 representante na FEBACLA"},"content":{"rendered":"<p style=\"text-align: justify; color: #888888;\"><img loading=\"lazy\" decoding=\"async\" class=\"alignleft\" src=\"https:\/\/4.bp.blogspot.com\/-4kdHKtWao-k\/T8e4e8gwvsI\/AAAAAAAAAm8\/9FrQ12Rpnrk\/s200\/FEBACLA.jpg\" border=\"0\" alt=\"\" width=\"125\" height=\"125\" \/><\/p>\n<p style=\"text-align: justify;\"><span style=\"color: #888888;\">A Federa\u00e7\u00e3o Brasileira dos Acad\u00eamicos das Ci\u00eancias, Letras e Artes\u00a0&#8211; FEBACLA tem a miss\u00e3o de capacitar, credenciar, reconhecer e honrar os acad\u00eamicos das tr\u00eas \u00e1reas, a saber: Ci\u00eancias, Letras e Artes.<\/span><\/p>\n<p style=\"text-align: justify;\"><span style=\"color: #888888;\">O seu maior objetivo \u00e9 unir as tr\u00eas classes de acad\u00eamicos promovendo eventos onde cada membro poder\u00e1 expor seu trabalho e no final do evento ser premiado.<!--more--><\/span><\/p>\n<p><span style=\"color: #888888;\"><\/span><\/p>\n<div><img loading=\"lazy\" decoding=\"async\" src=\"https:\/\/1.bp.blogspot.com\/-ABguUVfvt8I\/T8e4gUm6AZI\/AAAAAAAAAnE\/DBkyU_6Uils\/s1600\/foto.JPG\" border=\"0\" alt=\"\" width=\"125\" height=\"125\" \/><\/div>\n<div><span style=\"color: #888888;\">\u00a0<\/span><\/div>\n<div><span style=\"color: #888888;\">\u00a0<\/span>&#8220;Celso Ricardo de Almeida.&#8221;<\/div>\n<p style=\"text-align: justify;\">Fundada em 31 de Julho de 2011, a institui\u00e7\u00e3o \u00e9 presidida por Dom Alexander Maia Cruz.<\/p>\n<p style=\"text-align: justify;\">A cidade de Fervedouro ser\u00e1 representada por Celso Ricardo de Almeida, que foi nomeado, nesta \u00faltima quarta-feira, dia 30 de maio, Delegado Acad\u00eamico da FEBACLA na cidade e regi\u00e3o.<\/p>\n<p style=\"text-align: justify;\"><span style=\"color: #888888;\">O Delegado Acad\u00eamico tem a responsabilidade de captar Acad\u00eamicos e promover eventos para capacitar, credenciar, reconhecer e honrar os Acad\u00eamicos sob sua autoridade.<\/span><\/p>\n<p style=\"text-align: justify;\"><span style=\"color: #888888;\">Por: Click Carangola | Sugest\u00f5es de pauta: <\/span><a href=\"mailto:clickcarangola@gmail.com\">clickcarangola@gmail.com<\/a><\/p>\n","protected":false},"excerpt":{"rendered":"<p>A Federa\u00e7\u00e3o Brasileira dos Acad\u00eamicos das Ci\u00eancias, Letras e Artes\u00a0&#8211; FEBACLA tem a miss\u00e3o de capacitar, credenciar, reconhecer e honrar os acad\u00eamicos das tr\u00eas \u00e1reas, a saber: Ci\u00eancias, Letras e Artes. O seu maior objetivo \u00e9 unir as tr\u00eas classes de acad\u00eamicos promovendo eventos onde cada membro poder\u00e1 expor seu trabalho e no final do [&hellip;]<\/p>\n","protected":false},"author":2,"featured_media":0,"comment_status":"open","ping_status":"open","sticky":false,"template":"","format":"standard","meta":{"footnotes":""},"categories":[47],"tags":[],"class_list":["post-5818","post","type-post","status-publish","format-standard","hentry","category-fervedouro-mg"],"_links":{"self":[{"href":"https:\/\/clickcarangola.com.br\/site\/wp-json\/wp\/v2\/posts\/5818","targetHints":{"allow":["GET"]}}],"collection":[{"href":"https:\/\/clickcarangola.com.br\/site\/wp-json\/wp\/v2\/posts"}],"about":[{"href":"https:\/\/clickcarangola.com.br\/site\/wp-json\/wp\/v2\/types\/post"}],"author":[{"embeddable":true,"href":"https:\/\/clickcarangola.com.br\/site\/wp-json\/wp\/v2\/users\/2"}],"replies":[{"embeddable":true,"href":"https:\/\/clickcarangola.com.br\/site\/wp-json\/wp\/v2\/comments?post=5818"}],"version-history":[{"count":1,"href":"https:\/\/clickcarangola.com.br\/site\/wp-json\/wp\/v2\/posts\/5818\/revisions"}],"predecessor-version":[{"id":5826,"href":"https:\/\/clickcarangola.com.br\/site\/wp-json\/wp\/v2\/posts\/5818\/revisions\/5826"}],"wp:attachment":[{"href":"https:\/\/clickcarangola.com.br\/site\/wp-json\/wp\/v2\/media?parent=5818"}],"wp:term":[{"taxonomy":"category","embeddable":true,"href":"https:\/\/clickcarangola.com.br\/site\/wp-json\/wp\/v2\/categories?post=5818"},{"taxonomy":"post_tag","embeddable":true,"href":"https:\/\/clickcarangola.com.br\/site\/wp-json\/wp\/v2\/tags?post=5818"}],"curies":[{"name":"wp","href":"https:\/\/api.w.org\/{rel}","templated":true}]}}