{"id":5827,"date":"2012-06-01T07:49:55","date_gmt":"2012-06-01T10:49:55","guid":{"rendered":"https:\/\/clickcarangola.com.br\/site\/?p=5827"},"modified":"2012-06-01T17:09:31","modified_gmt":"2012-06-01T20:09:31","slug":"jovem-armado-e-preso-pela-pm-em-carangola","status":"publish","type":"post","link":"https:\/\/clickcarangola.com.br\/site\/01\/06\/2012\/jovem-armado-e-preso-pela-pm-em-carangola\/","title":{"rendered":"Jovem armado \u00e9 preso pela PM em Carangola"},"content":{"rendered":"<div style=\"text-align: justify;\">\n<p><span style=\"color: #888888;\"><img loading=\"lazy\" decoding=\"async\" class=\"alignleft\" src=\"https:\/\/www.radiomuriae.com.br\/admin\/am\/noticias\/fotos\/destak_273.jpg\" alt=\"\" width=\"125\" height=\"125\" align=\"absMiddle\" \/>Um rapaz de 27 anos foi preso no fim da noite passada (31), por porte ilegal de arma de fogo, na cidade de Carangola. Ele foi flagrado por policiais militares, portando um rev\u00f3lver, e devido ao hor\u00e1rio da ocorr\u00eancia, foi encaminhado\u00a0para a delegacia de plant\u00e3o, em Muria\u00e9, no bairro Safira.<\/span><\/p>\n<p><span style=\"color: #888888;\">Ap\u00f3s den\u00fancias an\u00f4nimas, os militares abordaram o suspeito, que andava a p\u00e9 pelo bairro Tri\u00e2ngulo. Durante busca, foi encontrado com ele, um rev\u00f3lver calibre 32, sem muni\u00e7\u00f5es.<!--more--><\/span><\/p>\n<p><span style=\"color: #888888;\">O jovem alegou que adquiriu a arma para se defender de indiv\u00edduos que recentemente invadiram sua casa. Depois de ser ouvido pelo delegado de plant\u00e3o, o rapaz foi autuado e encaminhado ao pres\u00eddio municipal de Muria\u00e9. Com informa\u00e7\u00f5s da PM e colabora\u00e7\u00e3o da R\u00e1dio Muria\u00e9.<\/span><\/p>\n<p><span style=\"color: #ff0000;\">Outras imagens:<\/span><\/p>\n<p><span style=\"color: #ff0000;\"><span style=\"color: #ff0000;\"><img loading=\"lazy\" decoding=\"async\" src=\"https:\/\/radiomuriae.com.br\/UserFiles\/32(1).jpg\" alt=\"\" width=\"300\" height=\"226\" \/><\/span><\/span><\/p>\n<p><span style=\"color: #ff0000;\"><span style=\"color: #ff0000;\"><span style=\"color: #ff0000;\"><span style=\"font-size: xx-small;\"><img loading=\"lazy\" decoding=\"async\" src=\"https:\/\/radiomuriae.com.br\/UserFiles\/pm(119).jpg\" alt=\"\" width=\"300\" height=\"226\" \/><\/span><\/span><\/span><\/span><\/p>\n<div style=\"text-align: justify;\"><span style=\"color: #888888;\">Por: Click Carangola | Sugest\u00f5es de pauta:<\/span> <a href=\"mailto:clickcarangola@gmail.com\">clickcarangola@gmail.com<\/a><\/div>\n<\/div>\n","protected":false},"excerpt":{"rendered":"<p>Um rapaz de 27 anos foi preso no fim da noite passada (31), por porte ilegal de arma de fogo, na cidade de Carangola. Ele foi flagrado por policiais militares, portando um rev\u00f3lver, e devido ao hor\u00e1rio da ocorr\u00eancia, foi encaminhado\u00a0para a delegacia de plant\u00e3o, em Muria\u00e9, no bairro Safira. Ap\u00f3s den\u00fancias an\u00f4nimas, os militares [&hellip;]<\/p>\n","protected":false},"author":2,"featured_media":0,"comment_status":"open","ping_status":"open","sticky":false,"template":"","format":"standard","meta":{"footnotes":""},"categories":[37],"tags":[],"class_list":["post-5827","post","type-post","status-publish","format-standard","hentry","category-carangola-mg"],"_links":{"self":[{"href":"https:\/\/clickcarangola.com.br\/site\/wp-json\/wp\/v2\/posts\/5827","targetHints":{"allow":["GET"]}}],"collection":[{"href":"https:\/\/clickcarangola.com.br\/site\/wp-json\/wp\/v2\/posts"}],"about":[{"href":"https:\/\/clickcarangola.com.br\/site\/wp-json\/wp\/v2\/types\/post"}],"author":[{"embeddable":true,"href":"https:\/\/clickcarangola.com.br\/site\/wp-json\/wp\/v2\/users\/2"}],"replies":[{"embeddable":true,"href":"https:\/\/clickcarangola.com.br\/site\/wp-json\/wp\/v2\/comments?post=5827"}],"version-history":[{"count":8,"href":"https:\/\/clickcarangola.com.br\/site\/wp-json\/wp\/v2\/posts\/5827\/revisions"}],"predecessor-version":[{"id":5829,"href":"https:\/\/clickcarangola.com.br\/site\/wp-json\/wp\/v2\/posts\/5827\/revisions\/5829"}],"wp:attachment":[{"href":"https:\/\/clickcarangola.com.br\/site\/wp-json\/wp\/v2\/media?parent=5827"}],"wp:term":[{"taxonomy":"category","embeddable":true,"href":"https:\/\/clickcarangola.com.br\/site\/wp-json\/wp\/v2\/categories?post=5827"},{"taxonomy":"post_tag","embeddable":true,"href":"https:\/\/clickcarangola.com.br\/site\/wp-json\/wp\/v2\/tags?post=5827"}],"curies":[{"name":"wp","href":"https:\/\/api.w.org\/{rel}","templated":true}]}}