{"id":5976,"date":"2012-06-12T06:00:42","date_gmt":"2012-06-12T09:00:42","guid":{"rendered":"https:\/\/clickcarangola.com.br\/site\/?p=5976"},"modified":"2012-06-12T18:46:17","modified_gmt":"2012-06-12T21:46:17","slug":"artesaos-mineiros-entre-os-100-melhores-do-pais","status":"publish","type":"post","link":"https:\/\/clickcarangola.com.br\/site\/12\/06\/2012\/artesaos-mineiros-entre-os-100-melhores-do-pais\/","title":{"rendered":"Artes\u00e3os mineiros entre os 100 melhores do pa\u00eds"},"content":{"rendered":"<div style=\"text-align: justify;\">\n<p><span style=\"color: #888888;\"><img loading=\"lazy\" decoding=\"async\" class=\"alignleft\" src=\"https:\/\/www.jangadeiroonline.com.br\/uploads\/2012\/03\/1331325617feiradeartesanato.jpg\" alt=\"\" width=\"125\" height=\"125\" \/>Seis das cem melhores unidades produtivas de artesanato do Brasil s\u00e3o de Minas Gerais. Artes\u00e3os, cooperativas e associa\u00e7\u00f5es do estado ganharam o Pr\u00eamio Sebrae TOP 100 de Artesanato. A premia\u00e7\u00e3o ser\u00e1 em setembro, no Rio de Janeiro.<\/span><\/p>\n<p><span style=\"color: #888888;\">Os grupos mineiros que se destacaram na premia\u00e7\u00e3o foram: Dedo de Gente (Curvelo), Cooperativa Mariense de Artesanato (Maria da F\u00e9), Fio Brasil (Muzambinho), Central Veredas (Arinos), Garimpo das Artes (Concei\u00e7\u00e3o das Alagoas) e Marias Artes\u00e3s (Patos de Minas).<!--more--><\/span><\/p>\n<p><span style=\"color: #888888;\">Os ganhadores concorreram com mais de 1,8 mil candidatos de todo o pa\u00eds. Nessa terceira edi\u00e7\u00e3o, Minas Gerais foi o estado com o maior n\u00famero de inscritos, 282.<\/p>\n<p>\u201cA premia\u00e7\u00e3o vem mostrando que os artes\u00e3os est\u00e3o cada vez mais preocupados com a melhoria dos processos produtivos para buscar diferencial e aumentar a competitividade no mercado\u201d, explica a analista de Com\u00e9rcio, Servi\u00e7os e Artesanato do Sebrae em Minas Gerais, Sabrina Campos.<\/p>\n<p>O estado com maior n\u00famero de ganhadores foi Pernambuco, com dez unidades produtivas selecionadas, seguido por Piau\u00ed (8) e Sergipe (8). Minas Gerais, S\u00e3o Paulo e Maranh\u00e3o empataram, cada um com seis vencedores<\/p>\n<p>O pr\u00eamio leva em conta outros elementos da cadeia de produ\u00e7\u00e3o e comercializa\u00e7\u00e3o do artesanato, al\u00e9m da qualidade est\u00e9tica e do valor cultural. Entre os crit\u00e9rios considerados est\u00e3o requisitos como inova\u00e7\u00e3o dos produtos, adequa\u00e7\u00e3o econ\u00f4mica e ambiental, qualidade e responsabilidade social.<\/p>\n<p>Os ganhadores tamb\u00e9m ter\u00e3o seus trabalhos expostos na 23\u00aa Feira Nacional de Artesanato, em Belo Horizonte, em novembro. Como reconhecimento pela vit\u00f3ria, os escolhidos utilizar\u00e3o o selo TOP 100 em seus produtos.<\/span><\/p>\n<p><span style=\"color: #ff0000;\">Mineiros Vencedores do Top 100 de Artesanato<\/span><\/p>\n<p><span style=\"color: #ff0000;\">3\u00aa edi\u00e7\u00e3o (2012)<\/span><\/p>\n<\/div>\n<p><span style=\"color: #888888;\">Dedo de Gente <\/span><br \/>\n<span style=\"color: #888888;\">Curvelo <\/span><br \/>\n<span style=\"color: #888888;\">Cooperativa Mariense de Artesanato <\/span><br \/>\n<span style=\"color: #888888;\">Maria da F\u00e9 <\/span><br \/>\n<span style=\"color: #888888;\">Fio Brasil <\/span><br \/>\n<span style=\"color: #888888;\">Muzambinho<\/span><br \/>\n<span style=\"color: #888888;\">Central Veredas <\/span><br \/>\n<span style=\"color: #888888;\">Arinos<\/span><br \/>\n<span style=\"color: #888888;\">Garimpo das Artes <\/span><br \/>\n<span style=\"color: #888888;\">Concei\u00e7\u00e3o das Alagoas<\/span><br \/>\n<span style=\"color: #888888;\">Marias Artes\u00e3s <\/span><br \/>\n<span style=\"color: #888888;\">Patos de Minas<\/span><\/p>\n<p><span style=\"color: #ff0000;\">2\u00aa edi\u00e7\u00e3o <\/span><\/p>\n<p><span style=\"color: #888888;\">Brasil Pitanga Arte R\u00fastica <\/span><br \/>\n<span style=\"color: #888888;\">Carangola <\/span><br \/>\n<span style=\"color: #888888;\">Associa\u00e7\u00e3o Uberabense de Artes\u00e3os e Artistas <\/span><br \/>\n<span style=\"color: #888888;\">Uberaba <\/span><br \/>\n<span style=\"color: #888888;\">Cooperativa Mariense de Artesanato <\/span><br \/>\n<span style=\"color: #888888;\">Maria da F\u00e9 <\/span><br \/>\n<span style=\"color: #888888;\">Cooperativa Dedo de Gente <\/span><br \/>\n<span style=\"color: #888888;\">Curvelo\u00a0 <\/span><br \/>\n<span style=\"color: #888888;\">Fio Brasil Tecelagem <\/span><br \/>\n<span style=\"color: #888888;\">Muzambinho <\/span><br \/>\n<span style=\"color: #888888;\">Cooperativa Artes\u00e3os Ramacrisna <\/span><br \/>\n<span style=\"color: #888888;\">Betim <\/span><\/p>\n<p><span style=\"color: #ff0000;\">1\u00aa edi\u00e7\u00e3o<\/span><\/p>\n<p><span style=\"color: #808080;\">Associa\u00e7\u00e3o dos Artes\u00e3os de Coqueiro Campo <\/span><br \/>\n<span style=\"color: #888888;\">Minas Novas<\/span><br \/>\n<span style=\"color: #888888;\">Associa\u00e7\u00e3o dos Lavradores e Artes\u00e3os de Campo Alegre <\/span><br \/>\n<span style=\"color: #888888;\">Turmalina<\/span><br \/>\n<span style=\"color: #888888;\">Associa\u00e7\u00e3o de Amigos da Cultura de Janu\u00e1ria<\/span><br \/>\n<span style=\"color: #888888;\">Janu\u00e1ria<\/span><br \/>\n<span style=\"color: #888888;\">Associa\u00e7\u00e3o dos Artes\u00e3os de Minas Novas <\/span><br \/>\n<span style=\"color: #888888;\">Minas Novas<\/span><br \/>\n<span style=\"color: #888888;\">Associa\u00e7\u00e3o dos Artes\u00e3os de Urucuia <\/span><br \/>\n<span style=\"color: #888888;\">Urucuia<\/span><br \/>\n<span style=\"color: #888888;\">Bonecas do Brasil<\/span><br \/>\n<span style=\"color: #888888;\">Divin\u00f3polis<\/span><br \/>\n<span style=\"color: #888888;\">Brasil Pitanga Arte R\u00fastica <\/span><br \/>\n<span style=\"color: #888888;\">Carangola<\/span><br \/>\n<span style=\"color: #888888;\">Casa de Artes S\u00e3o Jos\u00e9 <\/span><br \/>\n<span style=\"color: #888888;\">Chapada do Norte<\/span><br \/>\n<span style=\"color: #888888;\">Maur\u00edcio Fernandes Le\u00e3o <\/span><br \/>\n<span style=\"color: #888888;\">Belo Horizonte<\/span><br \/>\n<span style=\"color: #888888;\">Oficina de Agosto <\/span><br \/>\n<span style=\"color: #888888;\">Prados<\/span><\/p>\n<p><span style=\"color: #888888;\">Por: Click Carangola | Sugest\u00f5es de pauta: <a href=\"mailto:clickcarangola@gmail.com\">clickcarangola@gmail.com<\/a> <\/span><\/p>\n","protected":false},"excerpt":{"rendered":"<p>Seis das cem melhores unidades produtivas de artesanato do Brasil s\u00e3o de Minas Gerais. Artes\u00e3os, cooperativas e associa\u00e7\u00f5es do estado ganharam o Pr\u00eamio Sebrae TOP 100 de Artesanato. A premia\u00e7\u00e3o ser\u00e1 em setembro, no Rio de Janeiro. Os grupos mineiros que se destacaram na premia\u00e7\u00e3o foram: Dedo de Gente (Curvelo), Cooperativa Mariense de Artesanato (Maria [&hellip;]<\/p>\n","protected":false},"author":2,"featured_media":0,"comment_status":"open","ping_status":"open","sticky":false,"template":"","format":"standard","meta":{"footnotes":""},"categories":[37],"tags":[],"class_list":["post-5976","post","type-post","status-publish","format-standard","hentry","category-carangola-mg"],"_links":{"self":[{"href":"https:\/\/clickcarangola.com.br\/site\/wp-json\/wp\/v2\/posts\/5976","targetHints":{"allow":["GET"]}}],"collection":[{"href":"https:\/\/clickcarangola.com.br\/site\/wp-json\/wp\/v2\/posts"}],"about":[{"href":"https:\/\/clickcarangola.com.br\/site\/wp-json\/wp\/v2\/types\/post"}],"author":[{"embeddable":true,"href":"https:\/\/clickcarangola.com.br\/site\/wp-json\/wp\/v2\/users\/2"}],"replies":[{"embeddable":true,"href":"https:\/\/clickcarangola.com.br\/site\/wp-json\/wp\/v2\/comments?post=5976"}],"version-history":[{"count":3,"href":"https:\/\/clickcarangola.com.br\/site\/wp-json\/wp\/v2\/posts\/5976\/revisions"}],"predecessor-version":[{"id":5987,"href":"https:\/\/clickcarangola.com.br\/site\/wp-json\/wp\/v2\/posts\/5976\/revisions\/5987"}],"wp:attachment":[{"href":"https:\/\/clickcarangola.com.br\/site\/wp-json\/wp\/v2\/media?parent=5976"}],"wp:term":[{"taxonomy":"category","embeddable":true,"href":"https:\/\/clickcarangola.com.br\/site\/wp-json\/wp\/v2\/categories?post=5976"},{"taxonomy":"post_tag","embeddable":true,"href":"https:\/\/clickcarangola.com.br\/site\/wp-json\/wp\/v2\/tags?post=5976"}],"curies":[{"name":"wp","href":"https:\/\/api.w.org\/{rel}","templated":true}]}}