{"id":5991,"date":"2012-06-13T10:00:35","date_gmt":"2012-06-13T13:00:35","guid":{"rendered":"https:\/\/clickcarangola.com.br\/site\/?p=5991"},"modified":"2012-06-13T18:22:26","modified_gmt":"2012-06-13T21:22:26","slug":"onibus-que-transportava-estudantes-e-assaltado-e-incendiado-em-carangola","status":"publish","type":"post","link":"https:\/\/clickcarangola.com.br\/site\/13\/06\/2012\/onibus-que-transportava-estudantes-e-assaltado-e-incendiado-em-carangola\/","title":{"rendered":"\u00d4nibus que transportava estudantes \u00e9 assaltado e incendiado em Carangola"},"content":{"rendered":"<p style=\"text-align: justify;\"><span style=\"color: #888888;\"><img loading=\"lazy\" decoding=\"async\" class=\"alignleft\" style=\"border: 0px;\" src=\"https:\/\/imgsapp.em.com.br\/app\/noticia_127983242361\/2012\/06\/13\/299821\/20120613101517638145u.jpg\" border=\"0\" alt=\"\" width=\"125\" height=\"125\" \/>Um \u00f4nibus que transportava estudantes da cidade de Divino, na Zona da Mata de Minas Gerais, foi assaltado e incendiado no fim da noite de ter\u00e7a-feira. De acordo com a Pol\u00edcia Militar Rodovi\u00e1ria (PMRv), por volta de 23h30 o ve\u00edculo seguia pela BR-482 quando um criminoso armado abordou o motorista.<\/span><\/p>\n<p style=\"text-align: justify;\"><span style=\"color: #888888;\">O \u00f4nibus passava por uma \u00e1rea de obras do Departamento Nacional de Infraestrutura de Transportes (Dnit) onde o asfalto est\u00e1 em recupera\u00e7\u00e3o, por isso o condutor precisou reduzir a velocidade ficando vulner\u00e1vel \u00e0 a\u00e7\u00e3o do bandido. Logo depois da abordagem, apareceram outros dois homens para dar cobertura ao assaltante.<!--more-->\u00a0<\/span><\/p>\n<p style=\"text-align: justify;\"><span style=\"color: #888888;\">Eles invadiram o ve\u00edculo e amea\u00e7aram os estudantes. Um dos criminosos assumiu a dire\u00e7\u00e3o do coletivo e seguiu para uma estrada de ch\u00e3o \u00e0s margens da rodovia. Quase um quil\u00f4metro depois do local da abordagem, o motorista do \u00f4nibus alertou aos bandidos que n\u00e3o seria poss\u00edvel passar por uma ponte, por causa do tamanho do ve\u00edculo. O trio mandou as v\u00edtimas descerem e furtou dinheiro, carteiras, computadores e outros objetos. <\/span><\/p>\n<p style=\"text-align: justify;\"><span style=\"color: #888888;\">Os bandidos atearam fogo no coletivo. Segundo a PMRv, eles traziam uma garrafa de combust\u00edvel e espalharam pelo \u00f4nibus. A estrada onde aconteceu o inc\u00eandio d\u00e1 acesso ao povoado de Concei\u00e7\u00e3o, Zona Rural de Carangola. Segundo a PMRv, o ve\u00edculo leva todos os dias estudantes de Divino desse povoado para estudar na cidade de Itaperuna (RJ). Cerca de 14 estudantes estavam no \u00f4nibus e passaram por momentos de desespero. <\/span><\/p>\n<p style=\"text-align: justify;\"><span style=\"color: #888888;\">Os bandidos ainda n\u00e3o foram identificados e continuam foragidos. Equipes da PM de Divino junto com a PMRv fazem buscas em s\u00edtios e fazendas da regi\u00e3o na tentativa de encontrar os criminosos. A pol\u00edcia n\u00e3o saber dizer o que motivou o inc\u00eandio. Ningu\u00e9m ficou ferido. Com informa\u00e7\u00f5es de Luana Cruz e imagens do Blog O Combatente.<\/span><\/p>\n<p style=\"text-align: justify;\"><span style=\"color: #ff0000;\">Confira as imagens:<\/span><\/p>\n<p style=\"text-align: justify;\"><span style=\"color: #888888;\"><img loading=\"lazy\" decoding=\"async\" src=\"https:\/\/imgsapp.em.com.br\/app\/noticia_127983242361\/2012\/06\/13\/299821\/20120613101517638145u.jpg\" border=\"0\" alt=\"\" width=\"300\" height=\"226\" \/><\/span><\/p>\n<p style=\"text-align: justify;\"><span style=\"color: #888888;\"><img loading=\"lazy\" decoding=\"async\" style=\"border: 0px;\" src=\"https:\/\/imgsapp.em.com.br\/app\/noticia_127983242361\/2012\/06\/13\/299821\/20120613101524678426i.jpg\" border=\"0\" alt=\"\" width=\"300\" height=\"226\" \/><\/span><\/p>\n<p style=\"text-align: justify;\"><span style=\"color: #888888;\">Por: Click Carangola | Sugest\u00f5es de pauta: <a href=\"mailto:clickcarangola@gmail.com\">clickcarangola@gmail.com<\/a> <\/span><\/p>\n","protected":false},"excerpt":{"rendered":"<p>Um \u00f4nibus que transportava estudantes da cidade de Divino, na Zona da Mata de Minas Gerais, foi assaltado e incendiado no fim da noite de ter\u00e7a-feira. De acordo com a Pol\u00edcia Militar Rodovi\u00e1ria (PMRv), por volta de 23h30 o ve\u00edculo seguia pela BR-482 quando um criminoso armado abordou o motorista. O \u00f4nibus passava por uma [&hellip;]<\/p>\n","protected":false},"author":2,"featured_media":0,"comment_status":"open","ping_status":"open","sticky":false,"template":"","format":"standard","meta":{"footnotes":""},"categories":[37],"tags":[],"class_list":["post-5991","post","type-post","status-publish","format-standard","hentry","category-carangola-mg"],"_links":{"self":[{"href":"https:\/\/clickcarangola.com.br\/site\/wp-json\/wp\/v2\/posts\/5991","targetHints":{"allow":["GET"]}}],"collection":[{"href":"https:\/\/clickcarangola.com.br\/site\/wp-json\/wp\/v2\/posts"}],"about":[{"href":"https:\/\/clickcarangola.com.br\/site\/wp-json\/wp\/v2\/types\/post"}],"author":[{"embeddable":true,"href":"https:\/\/clickcarangola.com.br\/site\/wp-json\/wp\/v2\/users\/2"}],"replies":[{"embeddable":true,"href":"https:\/\/clickcarangola.com.br\/site\/wp-json\/wp\/v2\/comments?post=5991"}],"version-history":[{"count":5,"href":"https:\/\/clickcarangola.com.br\/site\/wp-json\/wp\/v2\/posts\/5991\/revisions"}],"predecessor-version":[{"id":5996,"href":"https:\/\/clickcarangola.com.br\/site\/wp-json\/wp\/v2\/posts\/5991\/revisions\/5996"}],"wp:attachment":[{"href":"https:\/\/clickcarangola.com.br\/site\/wp-json\/wp\/v2\/media?parent=5991"}],"wp:term":[{"taxonomy":"category","embeddable":true,"href":"https:\/\/clickcarangola.com.br\/site\/wp-json\/wp\/v2\/categories?post=5991"},{"taxonomy":"post_tag","embeddable":true,"href":"https:\/\/clickcarangola.com.br\/site\/wp-json\/wp\/v2\/tags?post=5991"}],"curies":[{"name":"wp","href":"https:\/\/api.w.org\/{rel}","templated":true}]}}