{"id":6117,"date":"2012-06-25T19:00:39","date_gmt":"2012-06-25T22:00:39","guid":{"rendered":"https:\/\/clickcarangola.com.br\/site\/?p=6117"},"modified":"2012-06-26T12:59:38","modified_gmt":"2012-06-26T15:59:38","slug":"veiculo-capota-na-br-482-em-carangola","status":"publish","type":"post","link":"https:\/\/clickcarangola.com.br\/site\/25\/06\/2012\/veiculo-capota-na-br-482-em-carangola\/","title":{"rendered":"Ve\u00edculo capota na BR-482 em Carangola"},"content":{"rendered":"<p style=\"text-align: justify;\"><img loading=\"lazy\" decoding=\"async\" class=\"alignleft\" src=\"https:\/\/silvanalves.com.br\/site\/wp-content\/uploads\/2012\/06\/DSC02023_532x399.jpg\" alt=\"\" width=\"125\" height=\"125\" \/><\/p>\n<p style=\"text-align: justify;\"><span style=\"color: #888888;\">A Pol\u00edcia Rodovi\u00e1ria Estadual de Carangola registrou na manh\u00e3 de ontem um capotamento na rodovia BR-482, na chegada de Carangola. <\/span><\/p>\n<p style=\"text-align: justify;\"><span style=\"color: #888888;\">Segundo informa\u00e7\u00f5es, duas pessoas ficaram feridas com o acidente que envolveu o ve\u00edculo Gol, placa de Carangola-MG.<!--more-->\u00a0<\/span><\/p>\n<p style=\"text-align: justify;\"><span style=\"color: #888888;\">O carro derrapou na pista e caiu em uma ribanceira. A Per\u00edcia T\u00e9cnica da 4\u00aa Delegacia de Pol\u00edcia Civil esteve no local e vai apontar as causas do acidente.<\/span><\/p>\n<p style=\"text-align: justify;\"><span style=\"color: #ff0000;\">Confira as imagens:<\/span><\/p>\n<p style=\"text-align: justify;\"><span style=\"color: #ff0000;\"><img loading=\"lazy\" decoding=\"async\" src=\"https:\/\/silvanalves.com.br\/site\/wp-content\/uploads\/2012\/06\/DSC02023_532x399.jpg\" alt=\"\" width=\"300\" height=\"226\" \/><\/span><\/p>\n<p><img loading=\"lazy\" decoding=\"async\" src=\"https:\/\/silvanalves.com.br\/site\/wp-content\/uploads\/2012\/06\/DSC02022_532x399.jpg\" alt=\"\" width=\"300\" height=\"226\" \/><\/p>\n<p><img loading=\"lazy\" decoding=\"async\" src=\"https:\/\/silvanalves.com.br\/site\/wp-content\/uploads\/2012\/06\/DSC02017_532x399.jpg\" alt=\"\" width=\"300\" height=\"226\" \/><\/p>\n<p><span style=\"color: #808080;\">Por: Click Carangola | Sugest\u00f5es de pauta: <\/span><a href=\"mailto:clickcarangola@gmail.com\">clickcarangola@gmail.com<\/a><!-- End post-content --><!-- End post-box --><!-- End post --><\/p>\n","protected":false},"excerpt":{"rendered":"<p>A Pol\u00edcia Rodovi\u00e1ria Estadual de Carangola registrou na manh\u00e3 de ontem um capotamento na rodovia BR-482, na chegada de Carangola. Segundo informa\u00e7\u00f5es, duas pessoas ficaram feridas com o acidente que envolveu o ve\u00edculo Gol, placa de Carangola-MG.<\/p>\n","protected":false},"author":2,"featured_media":0,"comment_status":"open","ping_status":"open","sticky":false,"template":"","format":"standard","meta":{"footnotes":""},"categories":[37],"tags":[],"class_list":["post-6117","post","type-post","status-publish","format-standard","hentry","category-carangola-mg"],"_links":{"self":[{"href":"https:\/\/clickcarangola.com.br\/site\/wp-json\/wp\/v2\/posts\/6117","targetHints":{"allow":["GET"]}}],"collection":[{"href":"https:\/\/clickcarangola.com.br\/site\/wp-json\/wp\/v2\/posts"}],"about":[{"href":"https:\/\/clickcarangola.com.br\/site\/wp-json\/wp\/v2\/types\/post"}],"author":[{"embeddable":true,"href":"https:\/\/clickcarangola.com.br\/site\/wp-json\/wp\/v2\/users\/2"}],"replies":[{"embeddable":true,"href":"https:\/\/clickcarangola.com.br\/site\/wp-json\/wp\/v2\/comments?post=6117"}],"version-history":[{"count":4,"href":"https:\/\/clickcarangola.com.br\/site\/wp-json\/wp\/v2\/posts\/6117\/revisions"}],"predecessor-version":[{"id":6126,"href":"https:\/\/clickcarangola.com.br\/site\/wp-json\/wp\/v2\/posts\/6117\/revisions\/6126"}],"wp:attachment":[{"href":"https:\/\/clickcarangola.com.br\/site\/wp-json\/wp\/v2\/media?parent=6117"}],"wp:term":[{"taxonomy":"category","embeddable":true,"href":"https:\/\/clickcarangola.com.br\/site\/wp-json\/wp\/v2\/categories?post=6117"},{"taxonomy":"post_tag","embeddable":true,"href":"https:\/\/clickcarangola.com.br\/site\/wp-json\/wp\/v2\/tags?post=6117"}],"curies":[{"name":"wp","href":"https:\/\/api.w.org\/{rel}","templated":true}]}}