{"id":6154,"date":"2012-06-28T12:00:02","date_gmt":"2012-06-28T15:00:02","guid":{"rendered":"https:\/\/clickcarangola.com.br\/site\/?p=6154"},"modified":"2012-07-09T17:32:15","modified_gmt":"2012-07-09T20:32:15","slug":"divulgada-a-programacao-da-expo-carangola-2012","status":"publish","type":"post","link":"https:\/\/clickcarangola.com.br\/site\/28\/06\/2012\/divulgada-a-programacao-da-expo-carangola-2012\/","title":{"rendered":"Divulgada a programa\u00e7\u00e3o da Exp\u00f4 Carangola 2012"},"content":{"rendered":"<p style=\"text-align: justify;\"><span style=\"color: #888888;\"><img loading=\"lazy\" decoding=\"async\" class=\"alignleft\" src=\"https:\/\/1.bp.blogspot.com\/-gP_SfyWFKPQ\/T-yl1id0pDI\/AAAAAAAADlc\/B2o1OSf46pY\/s640\/Cartaz+2012+curvas+baixa.jpg\" border=\"0\" alt=\"\" width=\"230\" height=\"170\" \/>A Secretaria de Turismo de Carangola divulgou, nesta quinta-feira (28), a programa\u00e7\u00e3o da 63\u00aa Exposi\u00e7\u00e3o Regional, Agropecu\u00e1ria e Industrial de Carangola. <\/span><\/p>\n<p style=\"text-align: justify;\"><span style=\"color: #888888;\">As principais atra\u00e7\u00f5es s\u00e3o o show da dupla Victor &amp; Leo, na sexta-feira, dia 27 e Tihuana, no s\u00e1bado, 28.<!--more--><\/span><\/p>\n<p style=\"text-align: justify;\"><span style=\"color: #888888;\">A edi\u00e7\u00e3o 63 da maior festa da regi\u00e3o come\u00e7a no dia 22 de julho\u00a0e se encerra no dia\u00a029 com entrada franca todos os dias.<\/span><\/p>\n<p style=\"text-align: justify;\"><span style=\"color: #ff0000;\">Confira abaixo a\u00a0programa\u00e7\u00e3o completa:<\/span><\/p>\n<p style=\"text-align: justify;\"><span style=\"color: #888888;\">Domingo &#8211; (22\/07)<\/span><\/p>\n<p style=\"text-align: justify;\"><span style=\"color: #888888;\">Abertura oficial, \u00a0Donato\u00a0 &amp; Eduardo e Marquinho Miragem.<\/span><\/p>\n<p style=\"text-align: justify;\"><span style=\"color: #888888;\">Segunda-feira &#8211; (23\/07)<\/span><\/p>\n<p style=\"text-align: justify;\"><span style=\"color: #888888;\">Gospel Festival, PG e Suite Bord\u00f4.<\/span><\/p>\n<p style=\"text-align: justify;\"><span style=\"color: #888888;\">Ter\u00e7a-feira &#8211; (24\/07) <\/span><\/p>\n<p style=\"text-align: justify;\"><span style=\"color: #888888;\">Cac\u00e1, Chapahalls do Brasil e P\u2019nelmania.<\/span><\/p>\n<p style=\"text-align: justify;\"><span style=\"color: #888888;\">Quarta-feira &#8211; (25\/07)<\/span><\/p>\n<p style=\"text-align: justify;\"><span style=\"color: #888888;\">Banda Auge e Soul Samba.<\/span><\/p>\n<p style=\"text-align: justify;\"><span style=\"color: #888888;\">Quinta-feira &#8211; (26\/07)<\/span><\/p>\n<p style=\"text-align: justify;\"><span style=\"color: #888888;\">Clayton &amp; Rom\u00e1rio e Paulinho Oliveira.<\/span><\/p>\n<p style=\"text-align: justify;\"><span style=\"color: #888888;\">Sexta-feira &#8211; (27\/07)<\/span><\/p>\n<p style=\"text-align: justify;\"><span style=\"color: #888888;\">Victor &amp; L\u00e9o e Caldeir\u00e3o Sertanejo.\u00a0<\/span><\/p>\n<p style=\"text-align: justify;\"><span style=\"color: #888888;\">S\u00e1bado &#8211; (28\/07) <\/span><\/p>\n<p style=\"text-align: justify;\"><span style=\"color: #888888;\">Cruzeiro do Sul e Tihuana.<\/span><\/p>\n<p style=\"text-align: justify;\"><span style=\"color: #888888;\">Domingo &#8211; (29\/07)<\/span><\/p>\n<p style=\"text-align: justify;\"><span style=\"color: #888888;\">Simples Samba, Fest Rock e Forr\u00f3 Beijo Apimentado.<\/span><\/p>\n<p style=\"text-align: justify;\"><span style=\"color: #888888;\">Durante o evento acontecer\u00e1 o 2\u00ba Encontro de Culin\u00e1ria Mineira, Mostra de animais e concurso leiteiro.<\/span><\/p>\n<p style=\"text-align: justify;\"><span style=\"color: #888888;\">Por: Click Carangola | Sugest\u00f5es de pauta: <a href=\"mailto:clickcarangola@gmail.com\">clickcarangola@gmail.com<\/a> <\/span><\/p>\n","protected":false},"excerpt":{"rendered":"<p>A Secretaria de Turismo de Carangola divulgou, nesta quinta-feira (28), a programa\u00e7\u00e3o da 63\u00aa Exposi\u00e7\u00e3o Regional, Agropecu\u00e1ria e Industrial de Carangola. As principais atra\u00e7\u00f5es s\u00e3o o show da dupla Victor &amp; Leo, na sexta-feira, dia 27 e Tihuana, no s\u00e1bado, 28.<\/p>\n","protected":false},"author":2,"featured_media":0,"comment_status":"open","ping_status":"open","sticky":false,"template":"","format":"standard","meta":{"footnotes":""},"categories":[37],"tags":[],"class_list":["post-6154","post","type-post","status-publish","format-standard","hentry","category-carangola-mg"],"_links":{"self":[{"href":"https:\/\/clickcarangola.com.br\/site\/wp-json\/wp\/v2\/posts\/6154","targetHints":{"allow":["GET"]}}],"collection":[{"href":"https:\/\/clickcarangola.com.br\/site\/wp-json\/wp\/v2\/posts"}],"about":[{"href":"https:\/\/clickcarangola.com.br\/site\/wp-json\/wp\/v2\/types\/post"}],"author":[{"embeddable":true,"href":"https:\/\/clickcarangola.com.br\/site\/wp-json\/wp\/v2\/users\/2"}],"replies":[{"embeddable":true,"href":"https:\/\/clickcarangola.com.br\/site\/wp-json\/wp\/v2\/comments?post=6154"}],"version-history":[{"count":21,"href":"https:\/\/clickcarangola.com.br\/site\/wp-json\/wp\/v2\/posts\/6154\/revisions"}],"predecessor-version":[{"id":6156,"href":"https:\/\/clickcarangola.com.br\/site\/wp-json\/wp\/v2\/posts\/6154\/revisions\/6156"}],"wp:attachment":[{"href":"https:\/\/clickcarangola.com.br\/site\/wp-json\/wp\/v2\/media?parent=6154"}],"wp:term":[{"taxonomy":"category","embeddable":true,"href":"https:\/\/clickcarangola.com.br\/site\/wp-json\/wp\/v2\/categories?post=6154"},{"taxonomy":"post_tag","embeddable":true,"href":"https:\/\/clickcarangola.com.br\/site\/wp-json\/wp\/v2\/tags?post=6154"}],"curies":[{"name":"wp","href":"https:\/\/api.w.org\/{rel}","templated":true}]}}