{"id":6172,"date":"2012-06-29T06:30:10","date_gmt":"2012-06-29T09:30:10","guid":{"rendered":"https:\/\/clickcarangola.com.br\/site\/?p=6172"},"modified":"2012-06-29T16:51:33","modified_gmt":"2012-06-29T19:51:33","slug":"pg-e-confirmado-na-63-expo-carangola","status":"publish","type":"post","link":"https:\/\/clickcarangola.com.br\/site\/29\/06\/2012\/pg-e-confirmado-na-63-expo-carangola\/","title":{"rendered":"PG \u00e9 confirmado na 63\u00aa Exp\u00f4 Carangola"},"content":{"rendered":"<div style=\"text-align: justify;\">\n<p><img loading=\"lazy\" decoding=\"async\" class=\"alignleft\" src=\"https:\/\/3.bp.blogspot.com\/_sLeodEAg4Ac\/S1mwies6SXI\/AAAAAAAABCk\/YgubPcqvBEQ\/s320\/pg.jpg\" alt=\"\" width=\"125\" height=\"125\" \/><span style=\"color: #888888;\">A programa\u00e7\u00e3o da 63\u00aa Exp\u00f4 Carangola ter\u00e1 participa\u00e7\u00e3o dos evang\u00e9licos. Na segunda-feira (23\/07), o evento contar\u00e1 com presen\u00e7a do cantor\u00a0gospel PG.<\/span><\/p>\n<p><span style=\"color: #888888;\">Segundo os organizadores do evento, a expectativa \u00e9 atrair um grande p\u00fablico\u00a0para o Parque de Exposi\u00e7\u00f5es da cidade que ser\u00e1 impactada pela presen\u00e7a de Deus.<!--more--><\/span><\/p>\n<p><span style=\"color: #888888;\">Pedro Geraldo Mazza, tamb\u00e9m conhecido como PG, \u00e9 um m\u00fasico brasileiro, int\u00e9rprete do rock crist\u00e3o. Ganhou proje\u00e7\u00e3o sendo vocalista da banda Oficina G3 entre 1998 e 2003, mas atualmente tem se dedicado \u00e0 sua carreira-solo.<\/span><\/p>\n<p><span style=\"color: #888888;\"><img loading=\"lazy\" decoding=\"async\" src=\"https:\/\/3.bp.blogspot.com\/_sLeodEAg4Ac\/S1mwies6SXI\/AAAAAAAABCk\/YgubPcqvBEQ\/s320\/pg.jpg\" alt=\"\" width=\"300\" height=\"226\" \/><\/span><\/p>\n<p><span style=\"color: #888888;\">&#8220;O cantor \u00e9 um dos grandes nomes da m\u00fasica gospel nacional&#8221;.<\/span><\/p>\n<p><span style=\"color: #888888;\">PG nasceu na cidade de S\u00e3o Paulo, no dia 18 de maio de 1976. Iniciou seu contato com a m\u00fasica ainda aos 6 anos de idade, quando sua fam\u00edlia mudou-se para Batatais.<\/span><\/p>\n<p><span style=\"color: #888888;\">Ap\u00f3s perder o pai, aos 14 anos de idade, PG mudou-se juntamente com sua m\u00e3e para a cidade de Luc\u00e9lia. Nesse per\u00edodo de o cantor se envolveu com o alcoolismo e drogas.<\/span><\/p>\n<p><span style=\"color: #888888;\">Em 1993, voltou para S\u00e3o Paulo, para trabalhar em uma loja de discos na Galeria do Rock. Na \u00e9poca do carnaval do mesmo ano, foi convidado por um primo para assistir a um <em>show<\/em> de grupos musicais crist\u00e3os. PG ficou sensibilizado com as mensagens das m\u00fasicas das bandas Kadoshi, Katsbarnea e Oficina G3. No mesmo dia se converteu ao protestantismo e decidiu levar uma vida com preceitos crist\u00e3os. Logo iniciou o seu discipulado na Igreja Renascer em Cristo.<\/span><\/p>\n<p><span style=\"color: #888888;\">Por: Click Carangola | Sugest\u00f5es de pauta: <a href=\"mailto:clickcarangola@gmail.com\">clickcarangola@gmail.com<\/a> <\/span><\/p>\n<\/div>\n","protected":false},"excerpt":{"rendered":"<p>A programa\u00e7\u00e3o da 63\u00aa Exp\u00f4 Carangola ter\u00e1 participa\u00e7\u00e3o dos evang\u00e9licos. Na segunda-feira (23\/07), o evento contar\u00e1 com presen\u00e7a do cantor\u00a0gospel PG. Segundo os organizadores do evento, a expectativa \u00e9 atrair um grande p\u00fablico\u00a0para o Parque de Exposi\u00e7\u00f5es da cidade que ser\u00e1 impactada pela presen\u00e7a de Deus.<\/p>\n","protected":false},"author":2,"featured_media":0,"comment_status":"open","ping_status":"open","sticky":false,"template":"","format":"standard","meta":{"footnotes":""},"categories":[37],"tags":[],"class_list":["post-6172","post","type-post","status-publish","format-standard","hentry","category-carangola-mg"],"_links":{"self":[{"href":"https:\/\/clickcarangola.com.br\/site\/wp-json\/wp\/v2\/posts\/6172","targetHints":{"allow":["GET"]}}],"collection":[{"href":"https:\/\/clickcarangola.com.br\/site\/wp-json\/wp\/v2\/posts"}],"about":[{"href":"https:\/\/clickcarangola.com.br\/site\/wp-json\/wp\/v2\/types\/post"}],"author":[{"embeddable":true,"href":"https:\/\/clickcarangola.com.br\/site\/wp-json\/wp\/v2\/users\/2"}],"replies":[{"embeddable":true,"href":"https:\/\/clickcarangola.com.br\/site\/wp-json\/wp\/v2\/comments?post=6172"}],"version-history":[{"count":5,"href":"https:\/\/clickcarangola.com.br\/site\/wp-json\/wp\/v2\/posts\/6172\/revisions"}],"predecessor-version":[{"id":6174,"href":"https:\/\/clickcarangola.com.br\/site\/wp-json\/wp\/v2\/posts\/6172\/revisions\/6174"}],"wp:attachment":[{"href":"https:\/\/clickcarangola.com.br\/site\/wp-json\/wp\/v2\/media?parent=6172"}],"wp:term":[{"taxonomy":"category","embeddable":true,"href":"https:\/\/clickcarangola.com.br\/site\/wp-json\/wp\/v2\/categories?post=6172"},{"taxonomy":"post_tag","embeddable":true,"href":"https:\/\/clickcarangola.com.br\/site\/wp-json\/wp\/v2\/tags?post=6172"}],"curies":[{"name":"wp","href":"https:\/\/api.w.org\/{rel}","templated":true}]}}