{"id":6219,"date":"2012-07-02T08:00:39","date_gmt":"2012-07-02T11:00:39","guid":{"rendered":"https:\/\/clickcarangola.com.br\/site\/?p=6219"},"modified":"2012-07-17T11:06:10","modified_gmt":"2012-07-17T14:06:10","slug":"definidos-dois-pre-candidatos-a-prefeitura-de-carangola","status":"publish","type":"post","link":"https:\/\/clickcarangola.com.br\/site\/02\/07\/2012\/definidos-dois-pre-candidatos-a-prefeitura-de-carangola\/","title":{"rendered":"Definidos dois pr\u00e9-candidatos \u00e0 Prefeitura de Carangola"},"content":{"rendered":"<p style=\"text-align: justify;\"><span style=\"color: #888888;\"><img loading=\"lazy\" decoding=\"async\" id=\"rg_hi\" class=\"alignleft\" src=\"https:\/\/t1.gstatic.com\/images?q=tbn:ANd9GcQlJH-T8ViFLu-db5EvvE4fcwXyvTQCEOJbb3o6GYMAdRhSdONm9Q\" alt=\"\" width=\"125\" height=\"125\" \/>Ainda n\u00e3o \u00e9 oficial e depende naturalmente do registro das candidaturas no dia 05, quinta-feira. Entretanto, ao final da noite deste s\u00e1bado, 30, prazo final das conven\u00e7\u00f5es, pelo menos\u00a0duas chapas est\u00e3o anunciadas para a disputa da Prefeitura de Carangola.<\/span><\/p>\n<p style=\"text-align: justify;\"><span style=\"color: #888888;\">Al\u00e9m das chapas para a elei\u00e7\u00e3o majorit\u00e1ria, foram feitas as composi\u00e7\u00f5es de coliga\u00e7\u00f5es para vereadores.<!--more--><\/span><\/p>\n<p style=\"text-align: justify;\"><span style=\"color: #888888;\">Para a disputa da prefeitura, C\u00e9sar Ricardo (PTdoB) foi lan\u00e7ado como candidato a prefeito e o vereador Fl\u00e1vio Queiroz, do DEM, como vice. A coliga\u00e7\u00e3o re\u00fane os partidos: PTdoB e DEM.<\/span><\/p>\n<p style=\"text-align: justify;\"><span style=\"color: #888888;\">Outro nome que foi confirmado \u00e9 o do ex-deputado Paulo Pettersen (PMDB) como candidato a prefeito e o m\u00e9dico Dr. Juan Velasco, tamb\u00e9m do PMDB, como vice.<\/span><\/p>\n<p style=\"text-align: justify;\"><span style=\"color: #888888;\">At\u00e9 o momento,\u00a0o atual prefeito de Carangola, Patrick Neil Drumond Albuquerque (PDT), <\/span><span style=\"color: #888888;\">n\u00e3o confirmou se ir\u00e1 concorrer \u00e0 reelei\u00e7\u00e3o.<\/span><\/p>\n<p style=\"text-align: justify;\"><span style=\"color: #888888;\">A sua cidade tamb\u00e9m j\u00e1 definiu candidatos? Envie informa\u00e7\u00f5es e fotos para <\/span><a href=\"mailto:clickcarangola@gmail.com\">clickcarangola@gmail.com<\/a><span style=\"color: #888888;\">. Participe!<\/span><\/p>\n<p style=\"text-align: justify;\"><span style=\"color: #888888;\">Elei\u00e7\u00f5es 2012: voc\u00ea decide no Click Carangola!<\/span><\/p>\n","protected":false},"excerpt":{"rendered":"<p>Ainda n\u00e3o \u00e9 oficial e depende naturalmente do registro das candidaturas no dia 05, quinta-feira. Entretanto, ao final da noite deste s\u00e1bado, 30, prazo final das conven\u00e7\u00f5es, pelo menos\u00a0duas chapas est\u00e3o anunciadas para a disputa da Prefeitura de Carangola. Al\u00e9m das chapas para a elei\u00e7\u00e3o majorit\u00e1ria, foram feitas as composi\u00e7\u00f5es de coliga\u00e7\u00f5es para vereadores.<\/p>\n","protected":false},"author":2,"featured_media":0,"comment_status":"open","ping_status":"open","sticky":false,"template":"","format":"standard","meta":{"footnotes":""},"categories":[37],"tags":[],"class_list":["post-6219","post","type-post","status-publish","format-standard","hentry","category-carangola-mg"],"_links":{"self":[{"href":"https:\/\/clickcarangola.com.br\/site\/wp-json\/wp\/v2\/posts\/6219","targetHints":{"allow":["GET"]}}],"collection":[{"href":"https:\/\/clickcarangola.com.br\/site\/wp-json\/wp\/v2\/posts"}],"about":[{"href":"https:\/\/clickcarangola.com.br\/site\/wp-json\/wp\/v2\/types\/post"}],"author":[{"embeddable":true,"href":"https:\/\/clickcarangola.com.br\/site\/wp-json\/wp\/v2\/users\/2"}],"replies":[{"embeddable":true,"href":"https:\/\/clickcarangola.com.br\/site\/wp-json\/wp\/v2\/comments?post=6219"}],"version-history":[{"count":12,"href":"https:\/\/clickcarangola.com.br\/site\/wp-json\/wp\/v2\/posts\/6219\/revisions"}],"predecessor-version":[{"id":6424,"href":"https:\/\/clickcarangola.com.br\/site\/wp-json\/wp\/v2\/posts\/6219\/revisions\/6424"}],"wp:attachment":[{"href":"https:\/\/clickcarangola.com.br\/site\/wp-json\/wp\/v2\/media?parent=6219"}],"wp:term":[{"taxonomy":"category","embeddable":true,"href":"https:\/\/clickcarangola.com.br\/site\/wp-json\/wp\/v2\/categories?post=6219"},{"taxonomy":"post_tag","embeddable":true,"href":"https:\/\/clickcarangola.com.br\/site\/wp-json\/wp\/v2\/tags?post=6219"}],"curies":[{"name":"wp","href":"https:\/\/api.w.org\/{rel}","templated":true}]}}