{"id":6254,"date":"2012-07-04T06:30:16","date_gmt":"2012-07-04T09:30:16","guid":{"rendered":"https:\/\/clickcarangola.com.br\/site\/?p=6254"},"modified":"2012-07-04T16:39:45","modified_gmt":"2012-07-04T19:39:45","slug":"calcadao-da-rua-pedro-de-oliveira-sera-inaugurado-nesta-sexta-feira-06","status":"publish","type":"post","link":"https:\/\/clickcarangola.com.br\/site\/04\/07\/2012\/calcadao-da-rua-pedro-de-oliveira-sera-inaugurado-nesta-sexta-feira-06\/","title":{"rendered":"Cal\u00e7ad\u00e3o da Rua Pedro de Oliveira ser\u00e1 inaugurado nesta sexta-feira (06)"},"content":{"rendered":"<p style=\"text-align: justify;\"><img loading=\"lazy\" decoding=\"async\" class=\"alignleft\" src=\"https:\/\/1.bp.blogspot.com\/-u6HEgA-JWGQ\/T2nQbhFqoyI\/AAAAAAAAA4w\/2DLuSJJxdRE\/s320\/Cal%C3%A7ad%C3%A3o_02.jpg\" border=\"0\" alt=\"\" width=\"125\" height=\"125\" \/><span style=\"color: #888888;\">A Prefeitura Municipal de Carangola inaugura\u00a0nesta sexta-feira (06),\u00a0as obras de revitaliza\u00e7\u00e3o do centro comercial.<\/span><\/p>\n<p style=\"text-align: justify;\"><span style=\"color: #888888;\">O trecho inclu\u00eddo pelo projeto vai desde a esquina da Rua Pedro de Oliveira com a Travessa Ant\u00f4nio Themudo at\u00e9 a Pra\u00e7a Coronel Maximiano.<!--more--><span id=\"more-4397\">\u00a0<\/span>\u00a0<\/span><\/p>\n<p style=\"text-align: justify;\"><span style=\"color: #888888;\">Cal\u00e7adas amplas, arborizadas, bancos para descanso e um projeto de ilumina\u00e7\u00e3o p\u00fablica de ponta comp\u00f5e o cen\u00e1rio\u00a0que ser\u00e1 visto ap\u00f3s os 90 dias de obras. O Cal\u00e7ad\u00e3o da Rua Pedro de Oliveira ser\u00e1 inaugurado nesta sexta-feira, \u00a006 de julho. O evento come\u00e7a a partir das 15h.<\/span><\/p>\n<p style=\"text-align: justify;\"><span style=\"color: #888888;\">Por: Click Carangola | Sugest\u00f5es de pauta:<\/span> <a href=\"mailto:clickcarangola@gmail.com\">clickcarangola@gmail.com<\/a><\/p>\n","protected":false},"excerpt":{"rendered":"<p>A Prefeitura Municipal de Carangola inaugura\u00a0nesta sexta-feira (06),\u00a0as obras de revitaliza\u00e7\u00e3o do centro comercial. O trecho inclu\u00eddo pelo projeto vai desde a esquina da Rua Pedro de Oliveira com a Travessa Ant\u00f4nio Themudo at\u00e9 a Pra\u00e7a Coronel Maximiano.<\/p>\n","protected":false},"author":2,"featured_media":0,"comment_status":"open","ping_status":"open","sticky":false,"template":"","format":"standard","meta":{"footnotes":""},"categories":[37],"tags":[],"class_list":["post-6254","post","type-post","status-publish","format-standard","hentry","category-carangola-mg"],"_links":{"self":[{"href":"https:\/\/clickcarangola.com.br\/site\/wp-json\/wp\/v2\/posts\/6254","targetHints":{"allow":["GET"]}}],"collection":[{"href":"https:\/\/clickcarangola.com.br\/site\/wp-json\/wp\/v2\/posts"}],"about":[{"href":"https:\/\/clickcarangola.com.br\/site\/wp-json\/wp\/v2\/types\/post"}],"author":[{"embeddable":true,"href":"https:\/\/clickcarangola.com.br\/site\/wp-json\/wp\/v2\/users\/2"}],"replies":[{"embeddable":true,"href":"https:\/\/clickcarangola.com.br\/site\/wp-json\/wp\/v2\/comments?post=6254"}],"version-history":[{"count":6,"href":"https:\/\/clickcarangola.com.br\/site\/wp-json\/wp\/v2\/posts\/6254\/revisions"}],"predecessor-version":[{"id":6256,"href":"https:\/\/clickcarangola.com.br\/site\/wp-json\/wp\/v2\/posts\/6254\/revisions\/6256"}],"wp:attachment":[{"href":"https:\/\/clickcarangola.com.br\/site\/wp-json\/wp\/v2\/media?parent=6254"}],"wp:term":[{"taxonomy":"category","embeddable":true,"href":"https:\/\/clickcarangola.com.br\/site\/wp-json\/wp\/v2\/categories?post=6254"},{"taxonomy":"post_tag","embeddable":true,"href":"https:\/\/clickcarangola.com.br\/site\/wp-json\/wp\/v2\/tags?post=6254"}],"curies":[{"name":"wp","href":"https:\/\/api.w.org\/{rel}","templated":true}]}}