{"id":6361,"date":"2012-07-12T06:00:42","date_gmt":"2012-07-12T09:00:42","guid":{"rendered":"https:\/\/clickcarangola.com.br\/site\/?p=6361"},"modified":"2012-07-12T13:32:27","modified_gmt":"2012-07-12T16:32:27","slug":"camara-de-carangola-nao-vota-projeto-sobre-aumento-salarial","status":"publish","type":"post","link":"https:\/\/clickcarangola.com.br\/site\/12\/07\/2012\/camara-de-carangola-nao-vota-projeto-sobre-aumento-salarial\/","title":{"rendered":"C\u00e2mara de Carangola n\u00e3o vota projeto sobre aumento salarial"},"content":{"rendered":"<p style=\"text-align: justify;\"><span style=\"color: #888888;\"><img loading=\"lazy\" decoding=\"async\" class=\"alignleft\" src=\"https:\/\/3.bp.blogspot.com\/-ZJxt4UtKvOg\/Tu8l6DZypxI\/AAAAAAAABrI\/PmUbfzYnMq8\/s320\/Camara3.jpg\" border=\"0\" alt=\"\" width=\"125\" height=\"125\" \/>A C\u00e2mara Municipal de\u00a0Carangola n\u00e3o votou os Projetos de Lei que concedem aumento salarial\u00a0ao prefeito, vice-prefeito, secret\u00e1rios municipais e vereadores para o\u00a0per\u00edodo\u00a0de 2013 a 2016.<\/span><\/p>\n<p style=\"text-align: justify;\"><span style=\"color: #888888;\">Durante audi\u00eancia p\u00fablica realizada nesta ter\u00e7a-feira, 10, o Presidente da C\u00e2mara Carlos Benedito utilizou o artigo 286 inciso VIII do Regimento Interno para n\u00e3o colocar os projetos em discuss\u00e3o e vota\u00e7\u00e3o.<!--more--><\/span><\/p>\n<p style=\"text-align: justify;\"><span style=\"color: #888888;\">Com isso, o projeto, ap\u00f3s ter sido lido em Plen\u00e1rio, ficar\u00e1 sobre a mesa pelo prazo de 15 dias, para recebimento de emendas, sobre as quais a Mesa da C\u00e2mara emitir\u00e1 parecer no prazo de cinco dias.<\/span><\/p>\n<p style=\"text-align: justify;\"><span style=\"color: #888888;\">Por: Click Carangola | Sugest\u00f5es de pauta: <a href=\"mailto:clickcarangola@gmail.com\">clickcarangola@gmail.com<\/a> <\/span><\/p>\n","protected":false},"excerpt":{"rendered":"<p>A C\u00e2mara Municipal de\u00a0Carangola n\u00e3o votou os Projetos de Lei que concedem aumento salarial\u00a0ao prefeito, vice-prefeito, secret\u00e1rios municipais e vereadores para o\u00a0per\u00edodo\u00a0de 2013 a 2016. Durante audi\u00eancia p\u00fablica realizada nesta ter\u00e7a-feira, 10, o Presidente da C\u00e2mara Carlos Benedito utilizou o artigo 286 inciso VIII do Regimento Interno para n\u00e3o colocar os projetos em discuss\u00e3o e [&hellip;]<\/p>\n","protected":false},"author":2,"featured_media":0,"comment_status":"open","ping_status":"open","sticky":false,"template":"","format":"standard","meta":{"footnotes":""},"categories":[37],"tags":[],"class_list":["post-6361","post","type-post","status-publish","format-standard","hentry","category-carangola-mg"],"_links":{"self":[{"href":"https:\/\/clickcarangola.com.br\/site\/wp-json\/wp\/v2\/posts\/6361","targetHints":{"allow":["GET"]}}],"collection":[{"href":"https:\/\/clickcarangola.com.br\/site\/wp-json\/wp\/v2\/posts"}],"about":[{"href":"https:\/\/clickcarangola.com.br\/site\/wp-json\/wp\/v2\/types\/post"}],"author":[{"embeddable":true,"href":"https:\/\/clickcarangola.com.br\/site\/wp-json\/wp\/v2\/users\/2"}],"replies":[{"embeddable":true,"href":"https:\/\/clickcarangola.com.br\/site\/wp-json\/wp\/v2\/comments?post=6361"}],"version-history":[{"count":4,"href":"https:\/\/clickcarangola.com.br\/site\/wp-json\/wp\/v2\/posts\/6361\/revisions"}],"predecessor-version":[{"id":6363,"href":"https:\/\/clickcarangola.com.br\/site\/wp-json\/wp\/v2\/posts\/6361\/revisions\/6363"}],"wp:attachment":[{"href":"https:\/\/clickcarangola.com.br\/site\/wp-json\/wp\/v2\/media?parent=6361"}],"wp:term":[{"taxonomy":"category","embeddable":true,"href":"https:\/\/clickcarangola.com.br\/site\/wp-json\/wp\/v2\/categories?post=6361"},{"taxonomy":"post_tag","embeddable":true,"href":"https:\/\/clickcarangola.com.br\/site\/wp-json\/wp\/v2\/tags?post=6361"}],"curies":[{"name":"wp","href":"https:\/\/api.w.org\/{rel}","templated":true}]}}