{"id":6378,"date":"2012-07-13T15:00:20","date_gmt":"2012-07-13T18:00:20","guid":{"rendered":"https:\/\/clickcarangola.com.br\/site\/?p=6378"},"modified":"2012-07-13T18:28:34","modified_gmt":"2012-07-13T21:28:34","slug":"candidato-unico-em-alto-jequitiba","status":"publish","type":"post","link":"https:\/\/clickcarangola.com.br\/site\/13\/07\/2012\/candidato-unico-em-alto-jequitiba\/","title":{"rendered":"Elei\u00e7\u00f5es 2012: Candidato \u00fanico em Alto Jequitib\u00e1"},"content":{"rendered":"<p style=\"text-align: justify;\"><span style=\"color: #888888;\"><img loading=\"lazy\" decoding=\"async\" id=\"rg_hi\" class=\"alignleft\" src=\"https:\/\/t1.gstatic.com\/images?q=tbn:ANd9GcQlJH-T8ViFLu-db5EvvE4fcwXyvTQCEOJbb3o6GYMAdRhSdONm9Q\" alt=\"\" width=\"125\" height=\"125\" \/>A cidade de Alto Jequitib\u00e1, na Zona da Mata Mineira ter\u00e1 candidato \u00fanico a prefeito. <\/span><span style=\"color: #888888;\">De acordo com o Tribunal Superior Eleitoral (TSE), apenas uma chapa concorre ao Executivo e \u00e9 formada por Daniel Sathler (PMDB) e Carlinhos Celestino (PTB). <\/span><\/p>\n<p style=\"text-align: justify;\"><span style=\"color: #888888;\">A Coliga\u00e7\u00e3o \u201cContinuar \u00c9 Preciso\u201d ter\u00e1 os partidos PP, PDT, PT, PTB, PMDB, PPS, DEM, PSDB e PSD.<!--more-->\u00a0<\/span><\/p>\n<p style=\"text-align: justify;\"><span style=\"color: #888888;\">Alto Jequitib\u00e1 ter\u00e1 49 candidatos a vereador para nove vagas. Confira a lista completa na <a href=\"https:\/\/divulgacand2012.tse.jus.br\/divulgacand2012\/FramesetPrincipal.action?siglaUFSelecionada=MG\" target=\"_blank\">p\u00e1gina<\/a> do TSE.<\/span><\/p>\n<p style=\"text-align: justify;\"><span style=\"color: #808080;\">Elei\u00e7\u00f5es 2012: voc\u00ea decide no Click Carangola!<\/span><\/p>\n","protected":false},"excerpt":{"rendered":"<p>A cidade de Alto Jequitib\u00e1, na Zona da Mata Mineira ter\u00e1 candidato \u00fanico a prefeito. De acordo com o Tribunal Superior Eleitoral (TSE), apenas uma chapa concorre ao Executivo e \u00e9 formada por Daniel Sathler (PMDB) e Carlinhos Celestino (PTB). A Coliga\u00e7\u00e3o \u201cContinuar \u00c9 Preciso\u201d ter\u00e1 os partidos PP, PDT, PT, PTB, PMDB, PPS, DEM, [&hellip;]<\/p>\n","protected":false},"author":2,"featured_media":0,"comment_status":"open","ping_status":"open","sticky":false,"template":"","format":"standard","meta":{"footnotes":""},"categories":[40],"tags":[],"class_list":["post-6378","post","type-post","status-publish","format-standard","hentry","category-altojequitiba-mg"],"_links":{"self":[{"href":"https:\/\/clickcarangola.com.br\/site\/wp-json\/wp\/v2\/posts\/6378","targetHints":{"allow":["GET"]}}],"collection":[{"href":"https:\/\/clickcarangola.com.br\/site\/wp-json\/wp\/v2\/posts"}],"about":[{"href":"https:\/\/clickcarangola.com.br\/site\/wp-json\/wp\/v2\/types\/post"}],"author":[{"embeddable":true,"href":"https:\/\/clickcarangola.com.br\/site\/wp-json\/wp\/v2\/users\/2"}],"replies":[{"embeddable":true,"href":"https:\/\/clickcarangola.com.br\/site\/wp-json\/wp\/v2\/comments?post=6378"}],"version-history":[{"count":8,"href":"https:\/\/clickcarangola.com.br\/site\/wp-json\/wp\/v2\/posts\/6378\/revisions"}],"predecessor-version":[{"id":6380,"href":"https:\/\/clickcarangola.com.br\/site\/wp-json\/wp\/v2\/posts\/6378\/revisions\/6380"}],"wp:attachment":[{"href":"https:\/\/clickcarangola.com.br\/site\/wp-json\/wp\/v2\/media?parent=6378"}],"wp:term":[{"taxonomy":"category","embeddable":true,"href":"https:\/\/clickcarangola.com.br\/site\/wp-json\/wp\/v2\/categories?post=6378"},{"taxonomy":"post_tag","embeddable":true,"href":"https:\/\/clickcarangola.com.br\/site\/wp-json\/wp\/v2\/tags?post=6378"}],"curies":[{"name":"wp","href":"https:\/\/api.w.org\/{rel}","templated":true}]}}