{"id":6400,"date":"2012-07-14T07:00:13","date_gmt":"2012-07-14T10:00:13","guid":{"rendered":"https:\/\/clickcarangola.com.br\/site\/?p=6400"},"modified":"2012-07-14T10:48:57","modified_gmt":"2012-07-14T13:48:57","slug":"caiana-tera-dois-candidatos-a-prefeito","status":"publish","type":"post","link":"https:\/\/clickcarangola.com.br\/site\/14\/07\/2012\/caiana-tera-dois-candidatos-a-prefeito\/","title":{"rendered":"Caiana ter\u00e1 dois candidatos a prefeito"},"content":{"rendered":"<p style=\"text-align: justify;\"><span style=\"color: #888888;\"><img loading=\"lazy\" decoding=\"async\" id=\"rg_hi\" class=\"alignleft\" src=\"https:\/\/t1.gstatic.com\/images?q=tbn:ANd9GcQlJH-T8ViFLu-db5EvvE4fcwXyvTQCEOJbb3o6GYMAdRhSdONm9Q\" alt=\"\" width=\"125\" height=\"125\" \/>Dazinho\u00a0(PSDB) \u00e9 candidato a prefeito e ter\u00e1\u00a0Jo\u00e3o Neto\u00a0(DEM) como vice. Eles est\u00e3o na Coliga\u00e7\u00e3o \u201cNovos Tempos\u201d, que tem os partidos PDT, PTB, PPS, DEM e PSDB.<\/span><\/p>\n<p style=\"text-align: justify;\"><span style=\"color: #888888;\">Na outra chapa,\u00a0Mauricio (PP) e Odair (PMDB) ser\u00e3o candidatos a prefeito e vice, respectivamente. Eles est\u00e3o na Coliga\u00e7\u00e3o \u201cPelo Povo E Por Caiana\u201d, que tem os partidos PP, PT e PMDB.<!--more--><\/span><\/p>\n<p style=\"text-align: justify;\"><span style=\"color: #888888;\">Caiana ter\u00e1\u00a040 candidatos a vereador para nove vagas. Confira a lista completa na <a href=\"https:\/\/divulgacand2012.tse.jus.br\/divulgacand2012\/FramesetPrincipal.action?siglaUFSelecionada=MG\" target=\"_blank\">p\u00e1gina<\/a> do TSE.<\/span><\/p>\n<p style=\"text-align: justify;\"><span style=\"color: #888888;\">Elei\u00e7\u00f5es 2012: voc\u00ea decide no Click Carangola!<\/span><\/p>\n","protected":false},"excerpt":{"rendered":"<p>Dazinho\u00a0(PSDB) \u00e9 candidato a prefeito e ter\u00e1\u00a0Jo\u00e3o Neto\u00a0(DEM) como vice. Eles est\u00e3o na Coliga\u00e7\u00e3o \u201cNovos Tempos\u201d, que tem os partidos PDT, PTB, PPS, DEM e PSDB. Na outra chapa,\u00a0Mauricio (PP) e Odair (PMDB) ser\u00e3o candidatos a prefeito e vice, respectivamente. Eles est\u00e3o na Coliga\u00e7\u00e3o \u201cPelo Povo E Por Caiana\u201d, que tem os partidos PP, PT [&hellip;]<\/p>\n","protected":false},"author":2,"featured_media":0,"comment_status":"open","ping_status":"open","sticky":false,"template":"","format":"standard","meta":{"footnotes":""},"categories":[41],"tags":[],"class_list":["post-6400","post","type-post","status-publish","format-standard","hentry","category-caiana-mg"],"_links":{"self":[{"href":"https:\/\/clickcarangola.com.br\/site\/wp-json\/wp\/v2\/posts\/6400","targetHints":{"allow":["GET"]}}],"collection":[{"href":"https:\/\/clickcarangola.com.br\/site\/wp-json\/wp\/v2\/posts"}],"about":[{"href":"https:\/\/clickcarangola.com.br\/site\/wp-json\/wp\/v2\/types\/post"}],"author":[{"embeddable":true,"href":"https:\/\/clickcarangola.com.br\/site\/wp-json\/wp\/v2\/users\/2"}],"replies":[{"embeddable":true,"href":"https:\/\/clickcarangola.com.br\/site\/wp-json\/wp\/v2\/comments?post=6400"}],"version-history":[{"count":7,"href":"https:\/\/clickcarangola.com.br\/site\/wp-json\/wp\/v2\/posts\/6400\/revisions"}],"predecessor-version":[{"id":6411,"href":"https:\/\/clickcarangola.com.br\/site\/wp-json\/wp\/v2\/posts\/6400\/revisions\/6411"}],"wp:attachment":[{"href":"https:\/\/clickcarangola.com.br\/site\/wp-json\/wp\/v2\/media?parent=6400"}],"wp:term":[{"taxonomy":"category","embeddable":true,"href":"https:\/\/clickcarangola.com.br\/site\/wp-json\/wp\/v2\/categories?post=6400"},{"taxonomy":"post_tag","embeddable":true,"href":"https:\/\/clickcarangola.com.br\/site\/wp-json\/wp\/v2\/tags?post=6400"}],"curies":[{"name":"wp","href":"https:\/\/api.w.org\/{rel}","templated":true}]}}