{"id":6426,"date":"2012-07-17T06:30:06","date_gmt":"2012-07-17T09:30:06","guid":{"rendered":"https:\/\/clickcarangola.com.br\/site\/?p=6426"},"modified":"2012-07-17T11:29:10","modified_gmt":"2012-07-17T14:29:10","slug":"candidatos-a-prefeitura-de-carangola","status":"publish","type":"post","link":"https:\/\/clickcarangola.com.br\/site\/17\/07\/2012\/candidatos-a-prefeitura-de-carangola\/","title":{"rendered":"Candidatos \u00e0 Prefeitura de Carangola"},"content":{"rendered":"<p style=\"text-align: justify;\"><span style=\"color: #888888;\"><img loading=\"lazy\" decoding=\"async\" id=\"rg_hi\" class=\"alignleft\" src=\"https:\/\/t1.gstatic.com\/images?q=tbn:ANd9GcQlJH-T8ViFLu-db5EvvE4fcwXyvTQCEOJbb3o6GYMAdRhSdONm9Q\" alt=\"\" width=\"125\" height=\"125\" \/>O munic\u00edpio de Carangola ter\u00e1 tr\u00eas candidatos a prefeito.\u00a0Cezar Ricardo\u00a0(PT do B) \u00e9 um deles e ter\u00e1\u00a0Flavinho (DEM) como vice. A Coliga\u00e7\u00e3o \u00e9 \u201cTrabalho e Progresso\u201d, que tem os partidos DEM, PSD, PC do B e PT do B.<\/span><\/p>\n<p style=\"text-align: justify;\"><span style=\"color: #888888;\">Formam a segunda chapa o\u00a0atual prefeito Patrick\u00a0(PDT) e Ismael Rodrigues\u00a0(PMDB). A Coliga\u00e7\u00e3o \u00e9 \u201cCompromisso com o Povo\u201d e ter\u00e1 os partidos PDT e PSC.<!--more--><\/span><\/p>\n<p style=\"text-align: justify;\"><span style=\"color: #888888;\">A terceira chapa \u00e9 composta por\u00a0Paulo Pettersen\u00a0(PMDB) e Dr. Juan\u00a0(PMDB), como candidatos a prefeito e vice, respectivamente. A Coliga\u00e7\u00e3o \u00e9 \u201cCarangola para Carangolenses\u201d e ter\u00e1 os partidos PRB, PP, PMDB, PRTB, PTC, PSB e PV.<\/span><\/p>\n<p style=\"text-align: justify;\"><span style=\"color: #888888;\">Carangola ter\u00e1\u00a0153 candidatos a vereador para\u00a0treze vagas. Confira a lista completa na <a href=\"https:\/\/divulgacand2012.tse.jus.br\/divulgacand2012\/FramesetPrincipal.action?siglaUFSelecionada=MG\" target=\"_blank\">p\u00e1gina<\/a> do TSE.<\/span><\/p>\n<p style=\"text-align: justify;\"><span style=\"color: #888888;\">Elei\u00e7\u00f5es 2012: voc\u00ea decide no Click Carangola!<\/span><\/p>\n","protected":false},"excerpt":{"rendered":"<p>O munic\u00edpio de Carangola ter\u00e1 tr\u00eas candidatos a prefeito.\u00a0Cezar Ricardo\u00a0(PT do B) \u00e9 um deles e ter\u00e1\u00a0Flavinho (DEM) como vice. A Coliga\u00e7\u00e3o \u00e9 \u201cTrabalho e Progresso\u201d, que tem os partidos DEM, PSD, PC do B e PT do B. Formam a segunda chapa o\u00a0atual prefeito Patrick\u00a0(PDT) e Ismael Rodrigues\u00a0(PMDB). A Coliga\u00e7\u00e3o \u00e9 \u201cCompromisso com o [&hellip;]<\/p>\n","protected":false},"author":2,"featured_media":0,"comment_status":"open","ping_status":"open","sticky":false,"template":"","format":"standard","meta":{"footnotes":""},"categories":[37],"tags":[],"class_list":["post-6426","post","type-post","status-publish","format-standard","hentry","category-carangola-mg"],"_links":{"self":[{"href":"https:\/\/clickcarangola.com.br\/site\/wp-json\/wp\/v2\/posts\/6426","targetHints":{"allow":["GET"]}}],"collection":[{"href":"https:\/\/clickcarangola.com.br\/site\/wp-json\/wp\/v2\/posts"}],"about":[{"href":"https:\/\/clickcarangola.com.br\/site\/wp-json\/wp\/v2\/types\/post"}],"author":[{"embeddable":true,"href":"https:\/\/clickcarangola.com.br\/site\/wp-json\/wp\/v2\/users\/2"}],"replies":[{"embeddable":true,"href":"https:\/\/clickcarangola.com.br\/site\/wp-json\/wp\/v2\/comments?post=6426"}],"version-history":[{"count":5,"href":"https:\/\/clickcarangola.com.br\/site\/wp-json\/wp\/v2\/posts\/6426\/revisions"}],"predecessor-version":[{"id":6430,"href":"https:\/\/clickcarangola.com.br\/site\/wp-json\/wp\/v2\/posts\/6426\/revisions\/6430"}],"wp:attachment":[{"href":"https:\/\/clickcarangola.com.br\/site\/wp-json\/wp\/v2\/media?parent=6426"}],"wp:term":[{"taxonomy":"category","embeddable":true,"href":"https:\/\/clickcarangola.com.br\/site\/wp-json\/wp\/v2\/categories?post=6426"},{"taxonomy":"post_tag","embeddable":true,"href":"https:\/\/clickcarangola.com.br\/site\/wp-json\/wp\/v2\/tags?post=6426"}],"curies":[{"name":"wp","href":"https:\/\/api.w.org\/{rel}","templated":true}]}}