{"id":6466,"date":"2012-07-20T06:30:05","date_gmt":"2012-07-20T09:30:05","guid":{"rendered":"https:\/\/clickcarangola.com.br\/site\/?p=6466"},"modified":"2012-07-22T15:35:48","modified_gmt":"2012-07-22T18:35:48","slug":"exposicao-de-carangola-comeca-neste-domingo-22","status":"publish","type":"post","link":"https:\/\/clickcarangola.com.br\/site\/20\/07\/2012\/exposicao-de-carangola-comeca-neste-domingo-22\/","title":{"rendered":"Exposi\u00e7\u00e3o de Carangola come\u00e7a neste domingo (22)"},"content":{"rendered":"<div>\n<div>\n<p style=\"text-align: justify;\"><span style=\"color: #888888;\"><img loading=\"lazy\" decoding=\"async\" class=\"alignleft\" src=\"https:\/\/1.bp.blogspot.com\/-gP_SfyWFKPQ\/T-yl1id0pDI\/AAAAAAAADlc\/B2o1OSf46pY\/s640\/Cartaz+2012+curvas+baixa.jpg\" border=\"0\" alt=\"\" width=\"230\" height=\"170\" \/>Come\u00e7a neste domingo (22), \u00e0s 19h, no Parque de Exposi\u00e7\u00f5es Dr. Fernando Quint\u00e3o Hosken, a 63\u00aa edi\u00e7\u00e3o da Exposi\u00e7\u00e3o Regional Agropecu\u00e1ria e Industrial de Carangola, tradicional evento s\u00f3cio-cultural da regi\u00e3o.<\/span><\/p>\n<p style=\"text-align: justify;\"><span style=\"color: #888888;\">As principais atra\u00e7\u00f5es s\u00e3o o show da dupla Victor &amp; Leo, na sexta-feira, dia 27 e Tihuana, no s\u00e1bado, 28.<!--more--><\/span><\/p>\n<p style=\"text-align: justify;\"><span style=\"color: #888888;\">A edi\u00e7\u00e3o 63 da maior festa da regi\u00e3o come\u00e7a no dia 22 e se encerra no dia\u00a029 com entrada\u00a0franca \u00a0todos os dias. <\/span><\/p>\n<p style=\"text-align: justify;\"><span style=\"color: #888888;\">Neste domingo, \u00e0s 19h acontece a Abertura Oficial; \u00e0s 22h tem o show\u00a0da\u00a0Banda Chapahalls do Brasil e \u00e0 0h encerramento com Marquinho Miragem.<\/span><\/p>\n<p style=\"text-align: justify;\"><span style=\"color: #888888;\">Por: Click Carangola | Sugest\u00f5es de pauta: <a href=\"mailto:clickcarangola@gmail.com\">clickcarangola@gmail.com<\/a> <\/span><\/p>\n<\/div>\n<\/div>\n","protected":false},"excerpt":{"rendered":"<p>Come\u00e7a neste domingo (22), \u00e0s 19h, no Parque de Exposi\u00e7\u00f5es Dr. Fernando Quint\u00e3o Hosken, a 63\u00aa edi\u00e7\u00e3o da Exposi\u00e7\u00e3o Regional Agropecu\u00e1ria e Industrial de Carangola, tradicional evento s\u00f3cio-cultural da regi\u00e3o. As principais atra\u00e7\u00f5es s\u00e3o o show da dupla Victor &amp; Leo, na sexta-feira, dia 27 e Tihuana, no s\u00e1bado, 28.<\/p>\n","protected":false},"author":2,"featured_media":0,"comment_status":"open","ping_status":"open","sticky":false,"template":"","format":"standard","meta":{"footnotes":""},"categories":[37],"tags":[],"class_list":["post-6466","post","type-post","status-publish","format-standard","hentry","category-carangola-mg"],"_links":{"self":[{"href":"https:\/\/clickcarangola.com.br\/site\/wp-json\/wp\/v2\/posts\/6466","targetHints":{"allow":["GET"]}}],"collection":[{"href":"https:\/\/clickcarangola.com.br\/site\/wp-json\/wp\/v2\/posts"}],"about":[{"href":"https:\/\/clickcarangola.com.br\/site\/wp-json\/wp\/v2\/types\/post"}],"author":[{"embeddable":true,"href":"https:\/\/clickcarangola.com.br\/site\/wp-json\/wp\/v2\/users\/2"}],"replies":[{"embeddable":true,"href":"https:\/\/clickcarangola.com.br\/site\/wp-json\/wp\/v2\/comments?post=6466"}],"version-history":[{"count":4,"href":"https:\/\/clickcarangola.com.br\/site\/wp-json\/wp\/v2\/posts\/6466\/revisions"}],"predecessor-version":[{"id":6479,"href":"https:\/\/clickcarangola.com.br\/site\/wp-json\/wp\/v2\/posts\/6466\/revisions\/6479"}],"wp:attachment":[{"href":"https:\/\/clickcarangola.com.br\/site\/wp-json\/wp\/v2\/media?parent=6466"}],"wp:term":[{"taxonomy":"category","embeddable":true,"href":"https:\/\/clickcarangola.com.br\/site\/wp-json\/wp\/v2\/categories?post=6466"},{"taxonomy":"post_tag","embeddable":true,"href":"https:\/\/clickcarangola.com.br\/site\/wp-json\/wp\/v2\/tags?post=6466"}],"curies":[{"name":"wp","href":"https:\/\/api.w.org\/{rel}","templated":true}]}}