{"id":6469,"date":"2012-07-20T12:00:18","date_gmt":"2012-07-20T15:00:18","guid":{"rendered":"https:\/\/clickcarangola.com.br\/site\/?p=6469"},"modified":"2012-07-21T11:45:46","modified_gmt":"2012-07-21T14:45:46","slug":"funcionarios-do-pam-fazem-protesto-em-frente-a-prefeitura-de-carangola","status":"publish","type":"post","link":"https:\/\/clickcarangola.com.br\/site\/20\/07\/2012\/funcionarios-do-pam-fazem-protesto-em-frente-a-prefeitura-de-carangola\/","title":{"rendered":"Funcion\u00e1rios do PAM fazem protesto em frente \u00e0 Prefeitura de Carangola"},"content":{"rendered":"<p style=\"text-align: justify;\"><span style=\"color: #888888;\"><img loading=\"lazy\" decoding=\"async\" id=\"cboxPhoto\" class=\"alignleft\" src=\"https:\/\/portalcarangola.com\/wp-content\/uploads\/2012\/07\/20120720122912_416.jpg\" alt=\"\" width=\"125\" height=\"125\" \/>Funcion\u00e1rios do Pronto Atendimento M\u00e9dico de Carangola, PAM, est\u00e3o em \u201copera\u00e7\u00e3o tartaruga\u201d desde esta quarta-feira em protesto pelos sal\u00e1rios atrasados.<\/span><\/p>\n<p style=\"text-align: justify;\"><span style=\"color: #888888;\">Os funcion\u00e1rios pertencem ao Hospital Evang\u00e9lico de Carangola, HEC, mas a verba que \u00e9 usada para pag\u00e1-los \u00e9 repassada pela prefeitura, por meio de um conv\u00eanio, firmado em junho de 2010.<!--more--><\/span><\/p>\n<p style=\"text-align: justify;\"><span style=\"color: #888888;\">Os empregados est\u00e3o h\u00e1 3 meses e 19 dias sem receber. Ontem, eles sa\u00edram pelas ruas do centro da cidade com cartazes, exigindo uma resposta do poder p\u00fablico municipal.<\/span><\/p>\n<p style=\"text-align: justify;\"><span style=\"color: #888888;\">Segundo Jaime da Silva Machado, provedor do HEC, o valor do conv\u00eanio est\u00e1 defasado h\u00e1 dois anos e a prefeitura ainda atrasa o pagamento. O conv\u00eanio n\u00e3o \u00e9 pago h\u00e1 tr\u00eas meses e o HEC acumula d\u00edvidas trabalhistas e tem dificuldades de comprar materiais.<\/span><\/p>\n<p style=\"text-align: justify;\"><span style=\"color: #888888;\">A prefeitura alega n\u00e3o ter recursos suficientes para pagar suas d\u00edvidas com a entidade, que pode chegar a quase R$ 1 milh\u00e3o. De acordo com a Assessoria de Imprensa da prefeitura, o conv\u00eanio foi cancelado, mas o Hospital Evang\u00e9lico n\u00e3o acatou o cancelamento.<\/span><\/p>\n<p style=\"text-align: justify;\"><span style=\"color: #888888;\">Segundo Gilmara de Matos, faturista do SUS, a justi\u00e7a concedeu um prazo de um ano para o pagamento da d\u00edvida. Por\u00e9m,\u00a0o hospital n\u00e3o tem recursos financeiros para arcar com as despesas do PAM e poder\u00e1 fechar caso tenha que demitir os 30 funcion\u00e1rios que prestam servi\u00e7os no posto. Os atrasos no sal\u00e1rio j\u00e1 v\u00eam ocorrendo desde o ano passado. Com informa\u00e7\u00f5es da Educativa FM e do parceiro Gazeta Regional.<\/span><\/p>\n<p style=\"text-align: justify;\"><span style=\"color: #ff0000;\">Confira as imagens:<\/span><\/p>\n<p style=\"text-align: justify;\"><span style=\"color: #ff0000;\"><img loading=\"lazy\" decoding=\"async\" id=\"cboxPhoto\" src=\"https:\/\/portalcarangola.com\/wp-content\/uploads\/2012\/07\/20120720122912_416.jpg\" alt=\"\" width=\"300\" height=\"226\" \/><\/span><\/p>\n<p style=\"text-align: justify;\"><span style=\"color: #888888;\"><img loading=\"lazy\" decoding=\"async\" id=\"cboxPhoto\" src=\"https:\/\/portalcarangola.com\/wp-content\/uploads\/2012\/07\/20120720123021_913.jpg\" alt=\"\" width=\"300\" height=\"226\" \/><\/span><\/p>\n<p style=\"text-align: justify;\"><span style=\"color: #888888;\"><span style=\"color: #888888;\"><img loading=\"lazy\" decoding=\"async\" id=\"cboxPhoto\" src=\"https:\/\/portalcarangola.com\/wp-content\/uploads\/2012\/07\/20120720123015_516.jpg\" alt=\"\" width=\"300\" height=\"226\" \/><\/span><\/span><\/p>\n<p style=\"text-align: justify;\"><span style=\"color: #888888;\"><img loading=\"lazy\" decoding=\"async\" id=\"cboxPhoto\" src=\"https:\/\/portalcarangola.com\/wp-content\/uploads\/2012\/07\/20120720123012_830.jpg\" alt=\"\" width=\"300\" height=\"226\" \/><\/span><\/p>\n<div><span style=\"color: #888888;\">Por: Click Carangola | Sugest\u00f5es de pauta: <a href=\"mailto:clickcarangola@gmail.com\">clickcarangola@gmail.com<\/a><\/span><\/div>\n<div><span style=\"color: #888888;\">\u00a0<\/span><\/div>\n","protected":false},"excerpt":{"rendered":"<p>Funcion\u00e1rios do Pronto Atendimento M\u00e9dico de Carangola, PAM, est\u00e3o em \u201copera\u00e7\u00e3o tartaruga\u201d desde esta quarta-feira em protesto pelos sal\u00e1rios atrasados. Os funcion\u00e1rios pertencem ao Hospital Evang\u00e9lico de Carangola, HEC, mas a verba que \u00e9 usada para pag\u00e1-los \u00e9 repassada pela prefeitura, por meio de um conv\u00eanio, firmado em junho de 2010.<\/p>\n","protected":false},"author":2,"featured_media":0,"comment_status":"open","ping_status":"open","sticky":false,"template":"","format":"standard","meta":{"footnotes":""},"categories":[37],"tags":[],"class_list":["post-6469","post","type-post","status-publish","format-standard","hentry","category-carangola-mg"],"_links":{"self":[{"href":"https:\/\/clickcarangola.com.br\/site\/wp-json\/wp\/v2\/posts\/6469","targetHints":{"allow":["GET"]}}],"collection":[{"href":"https:\/\/clickcarangola.com.br\/site\/wp-json\/wp\/v2\/posts"}],"about":[{"href":"https:\/\/clickcarangola.com.br\/site\/wp-json\/wp\/v2\/types\/post"}],"author":[{"embeddable":true,"href":"https:\/\/clickcarangola.com.br\/site\/wp-json\/wp\/v2\/users\/2"}],"replies":[{"embeddable":true,"href":"https:\/\/clickcarangola.com.br\/site\/wp-json\/wp\/v2\/comments?post=6469"}],"version-history":[{"count":5,"href":"https:\/\/clickcarangola.com.br\/site\/wp-json\/wp\/v2\/posts\/6469\/revisions"}],"predecessor-version":[{"id":6471,"href":"https:\/\/clickcarangola.com.br\/site\/wp-json\/wp\/v2\/posts\/6469\/revisions\/6471"}],"wp:attachment":[{"href":"https:\/\/clickcarangola.com.br\/site\/wp-json\/wp\/v2\/media?parent=6469"}],"wp:term":[{"taxonomy":"category","embeddable":true,"href":"https:\/\/clickcarangola.com.br\/site\/wp-json\/wp\/v2\/categories?post=6469"},{"taxonomy":"post_tag","embeddable":true,"href":"https:\/\/clickcarangola.com.br\/site\/wp-json\/wp\/v2\/tags?post=6469"}],"curies":[{"name":"wp","href":"https:\/\/api.w.org\/{rel}","templated":true}]}}