{"id":6488,"date":"2012-07-23T06:30:03","date_gmt":"2012-07-23T09:30:03","guid":{"rendered":"https:\/\/clickcarangola.com.br\/site\/?p=6488"},"modified":"2012-07-23T13:12:11","modified_gmt":"2012-07-23T16:12:11","slug":"cantor-gospel-pg-se-apresenta-em-carangola-nesta-segunda-feira-23","status":"publish","type":"post","link":"https:\/\/clickcarangola.com.br\/site\/23\/07\/2012\/cantor-gospel-pg-se-apresenta-em-carangola-nesta-segunda-feira-23\/","title":{"rendered":"Cantor gospel PG se apresenta em Carangola nesta segunda-feira (23)"},"content":{"rendered":"<p><img loading=\"lazy\" decoding=\"async\" class=\"alignleft\" src=\"https:\/\/www.jornalaltodotiete.com.br\/images\/stories\/2012\/show-pg.jpg\" border=\"0\" alt=\"\" width=\"125\" height=\"125\" \/><\/p>\n<p style=\"text-align: justify;\"><span style=\"color: #888888;\">O cantor gospel PG se apresentar\u00e1 em Carangola, na noite desta segunda-feira, dia\u00a023 de julho. O evento &#8220;Gospel Festival&#8221; acontece no Parque de Exposi\u00e7\u00f5es Dr. Fernando Quint\u00e3o Hosken a partir das 18hs.<img decoding=\"async\" title=\"Mais...\" src=\"https:\/\/clickcarangola.com.br\/site\/wp-includes\/js\/tinymce\/plugins\/wordpress\/img\/trans.gif\" alt=\"\" \/><\/span><\/p>\n<p style=\"text-align: justify;\"><span style=\"color: #888888;\">PG apresentar\u00e1 em\u00a0Carangola seu novo trabalho, &#8220;Imagem &amp; Semelhan\u00e7a&#8221;, que foi gravado ao vivo em setembro de 2011, na Igreja B\u00edblica da Paz, em S\u00e3o Paulo.<!--more-->\u00a0<\/span><\/p>\n<p style=\"text-align: justify;\"><span style=\"color: #888888;\"><img loading=\"lazy\" decoding=\"async\" src=\"https:\/\/www.jornalaltodotiete.com.br\/images\/stories\/2012\/show-pg.jpg\" border=\"0\" alt=\"\" width=\"300\" height=\"226\" \/><\/span><\/p>\n<p style=\"text-align: justify;\"><span style=\"color: #888888;\">O show contou com a presen\u00e7a de mais de cinco mil pessoas. Caravanas sa\u00edram de diversas partes do pa\u00eds que deram um brilho todo especial \u00e0 noite, que foi registrada tamb\u00e9m para DVD, com lan\u00e7amento previsto para o\u00a0primeiro semestre de 2012.<\/span><\/p>\n<p style=\"text-align: justify;\"><span style=\"color: #888888;\">A grava\u00e7\u00e3o contou com diversas participa\u00e7\u00f5es especiais, entre eles Fernanda Brum, Celinha Batista, Erika Ekstein, Gabi Cecon, Grupo de Teatro Jeov\u00e1 Nissi. Todas estar\u00e3o no DVD, claro. J\u00e1 no repert\u00f3rio do CD foram selecionadas apenas as can\u00e7\u00f5es in\u00e9ditas, a releitura de &#8220;Formoso \u00c9s&#8221; e a vers\u00e3o &#8220;O Amor de Deus&#8221; (de Scotty Wilbanks e Russ Lee).<\/span><\/p>\n<p style=\"text-align: justify;\"><span style=\"color: #888888;\">Gospel Festival na 63\u00aa Exposi\u00e7\u00e3o Regional Agropecur\u00e1ria e Industrial de Carangola. Participe!<\/span><\/p>\n<p style=\"text-align: justify;\"><span style=\"color: #888888;\">Por: Click Carangola | Sugest\u00f5es de pauta: <a href=\"mailto:clickcarangola@gmail.com\">clickcarangola@gmail.com<\/a> <\/span><\/p>\n","protected":false},"excerpt":{"rendered":"<p>O cantor gospel PG se apresentar\u00e1 em Carangola, na noite desta segunda-feira, dia\u00a023 de julho. O evento &#8220;Gospel Festival&#8221; acontece no Parque de Exposi\u00e7\u00f5es Dr. Fernando Quint\u00e3o Hosken a partir das 18hs. PG apresentar\u00e1 em\u00a0Carangola seu novo trabalho, &#8220;Imagem &amp; Semelhan\u00e7a&#8221;, que foi gravado ao vivo em setembro de 2011, na Igreja B\u00edblica da Paz, [&hellip;]<\/p>\n","protected":false},"author":2,"featured_media":0,"comment_status":"open","ping_status":"open","sticky":false,"template":"","format":"standard","meta":{"footnotes":""},"categories":[37],"tags":[],"class_list":["post-6488","post","type-post","status-publish","format-standard","hentry","category-carangola-mg"],"_links":{"self":[{"href":"https:\/\/clickcarangola.com.br\/site\/wp-json\/wp\/v2\/posts\/6488","targetHints":{"allow":["GET"]}}],"collection":[{"href":"https:\/\/clickcarangola.com.br\/site\/wp-json\/wp\/v2\/posts"}],"about":[{"href":"https:\/\/clickcarangola.com.br\/site\/wp-json\/wp\/v2\/types\/post"}],"author":[{"embeddable":true,"href":"https:\/\/clickcarangola.com.br\/site\/wp-json\/wp\/v2\/users\/2"}],"replies":[{"embeddable":true,"href":"https:\/\/clickcarangola.com.br\/site\/wp-json\/wp\/v2\/comments?post=6488"}],"version-history":[{"count":3,"href":"https:\/\/clickcarangola.com.br\/site\/wp-json\/wp\/v2\/posts\/6488\/revisions"}],"predecessor-version":[{"id":6490,"href":"https:\/\/clickcarangola.com.br\/site\/wp-json\/wp\/v2\/posts\/6488\/revisions\/6490"}],"wp:attachment":[{"href":"https:\/\/clickcarangola.com.br\/site\/wp-json\/wp\/v2\/media?parent=6488"}],"wp:term":[{"taxonomy":"category","embeddable":true,"href":"https:\/\/clickcarangola.com.br\/site\/wp-json\/wp\/v2\/categories?post=6488"},{"taxonomy":"post_tag","embeddable":true,"href":"https:\/\/clickcarangola.com.br\/site\/wp-json\/wp\/v2\/tags?post=6488"}],"curies":[{"name":"wp","href":"https:\/\/api.w.org\/{rel}","templated":true}]}}