{"id":6494,"date":"2012-07-23T07:00:35","date_gmt":"2012-07-23T10:00:35","guid":{"rendered":"https:\/\/clickcarangola.com.br\/site\/?p=6494"},"modified":"2012-07-23T18:10:45","modified_gmt":"2012-07-23T21:10:45","slug":"pam-e-transferido-para-o-hospital-casa-de-caridade-de-carangola","status":"publish","type":"post","link":"https:\/\/clickcarangola.com.br\/site\/23\/07\/2012\/pam-e-transferido-para-o-hospital-casa-de-caridade-de-carangola\/","title":{"rendered":"PAM \u00e9 transferido para o Hospital Casa de Caridade de Carangola"},"content":{"rendered":"<p style=\"text-align: justify;\"><span style=\"color: #888888;\"><img loading=\"lazy\" decoding=\"async\" class=\"alignleft\" src=\"https:\/\/www.casadecaridade.com.br\/Fotos%20diversas\/2008%20-%20foto1.JPG\" alt=\"\" width=\"125\" height=\"125\" \/>A Secretaria Municipal de Sa\u00fade de Carangola informa que o Pronto Atendimento M\u00e9dico (PAM), que h\u00e1 v\u00e1rios anos funcionava junto ao Hospital Evang\u00e9lico, no bairro Tri\u00e2ngulo, est\u00e1 mudando de local. <\/span><\/p>\n<p style=\"text-align: justify;\"><span style=\"color: #888888;\">A partir desta segunda-feira (23), o PAM passar\u00e1 a funcionar em tempo integral no Hospital Casa de Caridade de Carangola, localizado na Pra\u00e7a Coronel Jo\u00e3o Marcelino, 26, no Centro da cidade.<!--more--><\/span><\/p>\n<p style=\"text-align: justify;\"><span style=\"color: #888888;\"><img loading=\"lazy\" decoding=\"async\" src=\"https:\/\/www.casadecaridade.com.br\/Fotos%20diversas\/2008%20-%20foto1.JPG\" alt=\"\" width=\"300\" height=\"226\" \/><\/span><\/p>\n<p style=\"text-align: justify;\"><span style=\"color: #888888;\">Por: Click Carangola | Sugest\u00f5es de pauta: <a href=\"mailto:clickcarangola@gmail.com\">clickcarangola@gmail.com<\/a> <\/span><\/p>\n","protected":false},"excerpt":{"rendered":"<p>A Secretaria Municipal de Sa\u00fade de Carangola informa que o Pronto Atendimento M\u00e9dico (PAM), que h\u00e1 v\u00e1rios anos funcionava junto ao Hospital Evang\u00e9lico, no bairro Tri\u00e2ngulo, est\u00e1 mudando de local. A partir desta segunda-feira (23), o PAM passar\u00e1 a funcionar em tempo integral no Hospital Casa de Caridade de Carangola, localizado na Pra\u00e7a Coronel Jo\u00e3o [&hellip;]<\/p>\n","protected":false},"author":2,"featured_media":0,"comment_status":"open","ping_status":"open","sticky":false,"template":"","format":"standard","meta":{"footnotes":""},"categories":[37],"tags":[],"class_list":["post-6494","post","type-post","status-publish","format-standard","hentry","category-carangola-mg"],"_links":{"self":[{"href":"https:\/\/clickcarangola.com.br\/site\/wp-json\/wp\/v2\/posts\/6494","targetHints":{"allow":["GET"]}}],"collection":[{"href":"https:\/\/clickcarangola.com.br\/site\/wp-json\/wp\/v2\/posts"}],"about":[{"href":"https:\/\/clickcarangola.com.br\/site\/wp-json\/wp\/v2\/types\/post"}],"author":[{"embeddable":true,"href":"https:\/\/clickcarangola.com.br\/site\/wp-json\/wp\/v2\/users\/2"}],"replies":[{"embeddable":true,"href":"https:\/\/clickcarangola.com.br\/site\/wp-json\/wp\/v2\/comments?post=6494"}],"version-history":[{"count":3,"href":"https:\/\/clickcarangola.com.br\/site\/wp-json\/wp\/v2\/posts\/6494\/revisions"}],"predecessor-version":[{"id":6496,"href":"https:\/\/clickcarangola.com.br\/site\/wp-json\/wp\/v2\/posts\/6494\/revisions\/6496"}],"wp:attachment":[{"href":"https:\/\/clickcarangola.com.br\/site\/wp-json\/wp\/v2\/media?parent=6494"}],"wp:term":[{"taxonomy":"category","embeddable":true,"href":"https:\/\/clickcarangola.com.br\/site\/wp-json\/wp\/v2\/categories?post=6494"},{"taxonomy":"post_tag","embeddable":true,"href":"https:\/\/clickcarangola.com.br\/site\/wp-json\/wp\/v2\/tags?post=6494"}],"curies":[{"name":"wp","href":"https:\/\/api.w.org\/{rel}","templated":true}]}}