{"id":6531,"date":"2012-07-27T06:30:30","date_gmt":"2012-07-27T09:30:30","guid":{"rendered":"https:\/\/clickcarangola.com.br\/site\/?p=6531"},"modified":"2012-07-28T11:06:44","modified_gmt":"2012-07-28T14:06:44","slug":"victor-e-leo-se-apresentam-hoje-em-carangola","status":"publish","type":"post","link":"https:\/\/clickcarangola.com.br\/site\/27\/07\/2012\/victor-e-leo-se-apresentam-hoje-em-carangola\/","title":{"rendered":"Victor &#038; Leo se apresentam hoje em Carangola"},"content":{"rendered":"<div id=\"_mcePaste\" class=\"mcePaste\" style=\"position: absolute; width: 1px; height: 1px; overflow: hidden; top: 0px; left: -10000px;\">?<\/div>\n<p style=\"text-align: justify;\"><img loading=\"lazy\" decoding=\"async\" class=\"alignleft\" src=\"https:\/\/www.victoreleo.com\/imagens\/foto_noticia\/thumb\/25619.jpg\" alt=\"\" width=\"125\" height=\"125\" \/><span style=\"color: #888888;\">Hoje o palco da 63\u00aa Exposi\u00e7\u00e3o Regional Agropecu\u00e1ria e Industrial de Carangola ficar\u00e1 animado com a dupla sertaneja Victor\u00a0&amp; Leo. <\/span><\/p>\n<p style=\"text-align: justify;\"><span style=\"color: #888888;\">O show mais esperado do ano <span class=\"st\"><span class=\"ft\">est\u00e1 previsto para as 23h no Parque de Exposi\u00e7\u00f5es Dr. Fernando Quint\u00e3o Hosken. A entrada \u00e9 franca e segundo os organizadores mais de vinte mil pessoas s\u00e3o esperadas.<!--more--><\/span><\/span><\/span><\/p>\n<p style=\"text-align: justify;\"><span style=\"color: #888888;\"><\/span><span style=\"color: #888888;\">Os irm\u00e3os nasceram em Ponte Nova e foram criados em Abre Campo, na Zona da Mata mineira. Em 2006, a dupla conquistou o Brasil com m\u00fasicas como \u201cFotos\u201d, \u201cTem que Ser Voc\u00ea\u201d, \u201cFada\u201d e \u201cVida Boa\u201d. Ap\u00f3s o show da dupla, a banda Caldeir\u00e3o Sertanejo far\u00e1 o encerramento da noite.<\/span><\/p>\n<p style=\"text-align: justify;\"><span style=\"color: #888888;\">Por: Click Carangola | Sugest\u00f5es de pauta: <a href=\"mailto:clickcarangola@gmail.com\">clickcarangola@gmail.com<\/a> <\/span><\/p>\n","protected":false},"excerpt":{"rendered":"<p>? Hoje o palco da 63\u00aa Exposi\u00e7\u00e3o Regional Agropecu\u00e1ria e Industrial de Carangola ficar\u00e1 animado com a dupla sertaneja Victor\u00a0&amp; Leo. O show mais esperado do ano est\u00e1 previsto para as 23h no Parque de Exposi\u00e7\u00f5es Dr. Fernando Quint\u00e3o Hosken. A entrada \u00e9 franca e segundo os organizadores mais de vinte mil pessoas s\u00e3o esperadas.<\/p>\n","protected":false},"author":2,"featured_media":0,"comment_status":"open","ping_status":"open","sticky":false,"template":"","format":"standard","meta":{"footnotes":""},"categories":[37],"tags":[],"class_list":["post-6531","post","type-post","status-publish","format-standard","hentry","category-carangola-mg"],"_links":{"self":[{"href":"https:\/\/clickcarangola.com.br\/site\/wp-json\/wp\/v2\/posts\/6531","targetHints":{"allow":["GET"]}}],"collection":[{"href":"https:\/\/clickcarangola.com.br\/site\/wp-json\/wp\/v2\/posts"}],"about":[{"href":"https:\/\/clickcarangola.com.br\/site\/wp-json\/wp\/v2\/types\/post"}],"author":[{"embeddable":true,"href":"https:\/\/clickcarangola.com.br\/site\/wp-json\/wp\/v2\/users\/2"}],"replies":[{"embeddable":true,"href":"https:\/\/clickcarangola.com.br\/site\/wp-json\/wp\/v2\/comments?post=6531"}],"version-history":[{"count":3,"href":"https:\/\/clickcarangola.com.br\/site\/wp-json\/wp\/v2\/posts\/6531\/revisions"}],"predecessor-version":[{"id":6533,"href":"https:\/\/clickcarangola.com.br\/site\/wp-json\/wp\/v2\/posts\/6531\/revisions\/6533"}],"wp:attachment":[{"href":"https:\/\/clickcarangola.com.br\/site\/wp-json\/wp\/v2\/media?parent=6531"}],"wp:term":[{"taxonomy":"category","embeddable":true,"href":"https:\/\/clickcarangola.com.br\/site\/wp-json\/wp\/v2\/categories?post=6531"},{"taxonomy":"post_tag","embeddable":true,"href":"https:\/\/clickcarangola.com.br\/site\/wp-json\/wp\/v2\/tags?post=6531"}],"curies":[{"name":"wp","href":"https:\/\/api.w.org\/{rel}","templated":true}]}}