{"id":6599,"date":"2012-08-02T07:00:31","date_gmt":"2012-08-02T10:00:31","guid":{"rendered":"https:\/\/clickcarangola.com.br\/site\/?p=6599"},"modified":"2012-08-02T17:38:21","modified_gmt":"2012-08-02T20:38:21","slug":"qual-deve-ser-a-prioridade-do-proximo-governo-municipal","status":"publish","type":"post","link":"https:\/\/clickcarangola.com.br\/site\/02\/08\/2012\/qual-deve-ser-a-prioridade-do-proximo-governo-municipal\/","title":{"rendered":"Qual deve ser a prioridade do pr\u00f3ximo governo municipal?"},"content":{"rendered":"<p><img loading=\"lazy\" decoding=\"async\" class=\"alignleft\" src=\"https:\/\/1.bp.blogspot.com\/-YgtO1_Q6EYM\/T6J6jOKM4-I\/AAAAAAAAEWs\/bo79sG9ytjo\/s320\/pesquisa-grafico.jpg\" border=\"0\" alt=\"\" width=\"125\" height=\"125\" \/><\/p>\n<p style=\"text-align: justify;\"><span style=\"color: #888888;\">Com a proximidade das elei\u00e7\u00f5es municipais, candidatos lan\u00e7am suas campanhas e propostas com ideias muitas vezes fora da realidade ou indo contra aquilo que os\u00a0carangolenses precisam e desejam para a cidade. <\/span><\/p>\n<p style=\"text-align: justify;\"><span style=\"color: #888888;\">O portal de not\u00edcias Click Carangola quer saber dos eleitores o que eles consideram que deva ser prioridade do novo prefeito e dos\u00a013 vereadores, que tomam posse em janeiro de 2013.<!--more--><\/span><\/p>\n<p style=\"text-align: justify;\"><span style=\"color: #888888;\">Qual deve ser a prioridade do pr\u00f3ximo governo municipal? <\/span><span style=\"color: #888888;\">Participe da enquete!<\/span><\/p>\n<p style=\"text-align: justify;\"><span style=\"color: #888888;\">Elei\u00e7\u00f5es 2012: voc\u00ea decide no Click Carangola!<\/span><\/p>\n","protected":false},"excerpt":{"rendered":"<p>Com a proximidade das elei\u00e7\u00f5es municipais, candidatos lan\u00e7am suas campanhas e propostas com ideias muitas vezes fora da realidade ou indo contra aquilo que os\u00a0carangolenses precisam e desejam para a cidade. O portal de not\u00edcias Click Carangola quer saber dos eleitores o que eles consideram que deva ser prioridade do novo prefeito e dos\u00a013 vereadores, [&hellip;]<\/p>\n","protected":false},"author":2,"featured_media":0,"comment_status":"open","ping_status":"open","sticky":false,"template":"","format":"standard","meta":{"footnotes":""},"categories":[37],"tags":[],"class_list":["post-6599","post","type-post","status-publish","format-standard","hentry","category-carangola-mg"],"_links":{"self":[{"href":"https:\/\/clickcarangola.com.br\/site\/wp-json\/wp\/v2\/posts\/6599","targetHints":{"allow":["GET"]}}],"collection":[{"href":"https:\/\/clickcarangola.com.br\/site\/wp-json\/wp\/v2\/posts"}],"about":[{"href":"https:\/\/clickcarangola.com.br\/site\/wp-json\/wp\/v2\/types\/post"}],"author":[{"embeddable":true,"href":"https:\/\/clickcarangola.com.br\/site\/wp-json\/wp\/v2\/users\/2"}],"replies":[{"embeddable":true,"href":"https:\/\/clickcarangola.com.br\/site\/wp-json\/wp\/v2\/comments?post=6599"}],"version-history":[{"count":3,"href":"https:\/\/clickcarangola.com.br\/site\/wp-json\/wp\/v2\/posts\/6599\/revisions"}],"predecessor-version":[{"id":6601,"href":"https:\/\/clickcarangola.com.br\/site\/wp-json\/wp\/v2\/posts\/6599\/revisions\/6601"}],"wp:attachment":[{"href":"https:\/\/clickcarangola.com.br\/site\/wp-json\/wp\/v2\/media?parent=6599"}],"wp:term":[{"taxonomy":"category","embeddable":true,"href":"https:\/\/clickcarangola.com.br\/site\/wp-json\/wp\/v2\/categories?post=6599"},{"taxonomy":"post_tag","embeddable":true,"href":"https:\/\/clickcarangola.com.br\/site\/wp-json\/wp\/v2\/tags?post=6599"}],"curies":[{"name":"wp","href":"https:\/\/api.w.org\/{rel}","templated":true}]}}