{"id":6660,"date":"2012-08-06T06:15:19","date_gmt":"2012-08-06T09:15:19","guid":{"rendered":"https:\/\/clickcarangola.com.br\/site\/?p=6660"},"modified":"2012-08-06T11:20:17","modified_gmt":"2012-08-06T14:20:17","slug":"faria-lemos-tera-dois-candidatos-a-prefeito","status":"publish","type":"post","link":"https:\/\/clickcarangola.com.br\/site\/06\/08\/2012\/faria-lemos-tera-dois-candidatos-a-prefeito\/","title":{"rendered":"Faria Lemos ter\u00e1 dois candidatos a prefeito"},"content":{"rendered":"<p style=\"text-align: justify;\"><img loading=\"lazy\" decoding=\"async\" id=\"rg_hi\" class=\"alignleft\" src=\"https:\/\/t1.gstatic.com\/images?q=tbn:ANd9GcQlJH-T8ViFLu-db5EvvE4fcwXyvTQCEOJbb3o6GYMAdRhSdONm9Q\" alt=\"\" width=\"125\" height=\"125\" \/><span style=\"color: #888888;\">Em Faria Lemos,\u00a0Armandinho\u00a0(PTB) \u00e9 candidato a prefeito e ter\u00e1\u00a0Getulio\u00a0(PTB) como vice. Eles est\u00e3o na Coliga\u00e7\u00e3o \u201cUnidos por Faria Lemos\u201d, que tem os partidos PP, PT, PTB, PV e PSDB.<\/span><\/p>\n<p style=\"text-align: justify;\"><span style=\"color: #888888;\">A outra chapa \u00e9 formada por Helio do Diquinho (PMDB) e\u00a0Gil Damas\u00a0(PMDB)\u00a0como prefeito e vice, respectivamente. Eles est\u00e3o na Coliga\u00e7\u00e3o \u201cA uni\u00e3o faz uma nova Faria Lemos\u201d, que tem os partidos PMDB, DEM, PPS, PSD e PDT<!--more--><\/span><\/p>\n<p style=\"text-align: justify;\"><span style=\"color: #888888;\">Faria Lemos\u00a0ter\u00e1\u00a054 candidatos a vereador para 09\u00a0vagas. Confira a lista completa na <\/span><a href=\"https:\/\/divulgacand2012.tse.jus.br\/divulgacand2012\/FramesetPrincipal.action?siglaUFSelecionada=MG\" target=\"_blank\">p\u00e1gina<\/a> <span style=\"color: #888888;\">do TSE.<\/span><\/p>\n<p><span style=\"color: #888888;\">Elei\u00e7\u00f5es 2012: voc\u00ea decide no Click Carangola!<\/span><\/p>\n","protected":false},"excerpt":{"rendered":"<p>Em Faria Lemos,\u00a0Armandinho\u00a0(PTB) \u00e9 candidato a prefeito e ter\u00e1\u00a0Getulio\u00a0(PTB) como vice. Eles est\u00e3o na Coliga\u00e7\u00e3o \u201cUnidos por Faria Lemos\u201d, que tem os partidos PP, PT, PTB, PV e PSDB. A outra chapa \u00e9 formada por Helio do Diquinho (PMDB) e\u00a0Gil Damas\u00a0(PMDB)\u00a0como prefeito e vice, respectivamente. Eles est\u00e3o na Coliga\u00e7\u00e3o \u201cA uni\u00e3o faz uma nova Faria [&hellip;]<\/p>\n","protected":false},"author":2,"featured_media":0,"comment_status":"open","ping_status":"open","sticky":false,"template":"","format":"standard","meta":{"footnotes":""},"categories":[46],"tags":[],"class_list":["post-6660","post","type-post","status-publish","format-standard","hentry","category-farialemos-mg"],"_links":{"self":[{"href":"https:\/\/clickcarangola.com.br\/site\/wp-json\/wp\/v2\/posts\/6660","targetHints":{"allow":["GET"]}}],"collection":[{"href":"https:\/\/clickcarangola.com.br\/site\/wp-json\/wp\/v2\/posts"}],"about":[{"href":"https:\/\/clickcarangola.com.br\/site\/wp-json\/wp\/v2\/types\/post"}],"author":[{"embeddable":true,"href":"https:\/\/clickcarangola.com.br\/site\/wp-json\/wp\/v2\/users\/2"}],"replies":[{"embeddable":true,"href":"https:\/\/clickcarangola.com.br\/site\/wp-json\/wp\/v2\/comments?post=6660"}],"version-history":[{"count":3,"href":"https:\/\/clickcarangola.com.br\/site\/wp-json\/wp\/v2\/posts\/6660\/revisions"}],"predecessor-version":[{"id":6663,"href":"https:\/\/clickcarangola.com.br\/site\/wp-json\/wp\/v2\/posts\/6660\/revisions\/6663"}],"wp:attachment":[{"href":"https:\/\/clickcarangola.com.br\/site\/wp-json\/wp\/v2\/media?parent=6660"}],"wp:term":[{"taxonomy":"category","embeddable":true,"href":"https:\/\/clickcarangola.com.br\/site\/wp-json\/wp\/v2\/categories?post=6660"},{"taxonomy":"post_tag","embeddable":true,"href":"https:\/\/clickcarangola.com.br\/site\/wp-json\/wp\/v2\/tags?post=6660"}],"curies":[{"name":"wp","href":"https:\/\/api.w.org\/{rel}","templated":true}]}}