{"id":6895,"date":"2012-08-28T07:00:57","date_gmt":"2012-08-28T10:00:57","guid":{"rendered":"https:\/\/clickcarangola.com.br\/site\/?p=6895"},"modified":"2012-08-29T11:35:37","modified_gmt":"2012-08-29T14:35:37","slug":"jovem-de-26-anos-morre-em-acidente-na-br-116","status":"publish","type":"post","link":"https:\/\/clickcarangola.com.br\/site\/28\/08\/2012\/jovem-de-26-anos-morre-em-acidente-na-br-116\/","title":{"rendered":"Jovem de 26 anos morre em acidente na BR-116"},"content":{"rendered":"<p style=\"text-align: justify;\"><span style=\"color: #888888;\"><img loading=\"lazy\" decoding=\"async\" id=\"rg_hi\" class=\"alignleft\" src=\"https:\/\/encrypted-tbn0.google.com\/images?q=tbn:ANd9GcT8YgwttbyZ59mIzmmAqbdRXLZZA1yGjAbLS43hc8WNes2heyNh\" alt=\"\" width=\"125\" height=\"125\" \/>Tiago da Silveira Dornelas, 26 anos, morreu num tr\u00e1gico acidente perto do C\u00f3rrego dos Dornelas, em Oriz\u00e2nia, na manh\u00e3 desta segunda, 27.<\/span><\/p>\n<p style=\"text-align: justify;\"><span style=\"color: #888888;\">Segundo a ocorr\u00eancia, Tiago dirigia um Fiat Uno LOX 9546\/Alvin\u00f3polis, no sentido S\u00e3o Jo\u00e3o do Manhua\u00e7u para Oriz\u00e2nia. Ele perdeu o controle da dire\u00e7\u00e3o, invadiu a pista contr\u00e1ria e bateu de frente com um \u00f4nibus.<!--more--><\/span><\/p>\n<p style=\"text-align: justify;\"><span style=\"color: #888888;\">Tiago morreu no local, enquanto uma passageira, identificada como Alessandra, foi socorrida para o hospital em Divino. <\/span><span style=\"color: #888888;\">A per\u00edcia esteve no local e realizou os trabalhos de identifica\u00e7\u00e3o das causas do acidente. O laudo sair\u00e1 em alguns dias.<\/span><\/p>\n<p style=\"text-align: justify;\"><span style=\"color: #888888;\">Por: Click Carangola | Sugest\u00f5es de pauta: <a href=\"mailto:clickcarangola@gmail.com\">clickcarangola@gmail.com<\/a> <\/span><\/p>\n","protected":false},"excerpt":{"rendered":"<p>Tiago da Silveira Dornelas, 26 anos, morreu num tr\u00e1gico acidente perto do C\u00f3rrego dos Dornelas, em Oriz\u00e2nia, na manh\u00e3 desta segunda, 27. Segundo a ocorr\u00eancia, Tiago dirigia um Fiat Uno LOX 9546\/Alvin\u00f3polis, no sentido S\u00e3o Jo\u00e3o do Manhua\u00e7u para Oriz\u00e2nia. Ele perdeu o controle da dire\u00e7\u00e3o, invadiu a pista contr\u00e1ria e bateu de frente com [&hellip;]<\/p>\n","protected":false},"author":2,"featured_media":0,"comment_status":"open","ping_status":"open","sticky":false,"template":"","format":"standard","meta":{"footnotes":""},"categories":[53],"tags":[],"class_list":["post-6895","post","type-post","status-publish","format-standard","hentry","category-orizania-mg"],"_links":{"self":[{"href":"https:\/\/clickcarangola.com.br\/site\/wp-json\/wp\/v2\/posts\/6895","targetHints":{"allow":["GET"]}}],"collection":[{"href":"https:\/\/clickcarangola.com.br\/site\/wp-json\/wp\/v2\/posts"}],"about":[{"href":"https:\/\/clickcarangola.com.br\/site\/wp-json\/wp\/v2\/types\/post"}],"author":[{"embeddable":true,"href":"https:\/\/clickcarangola.com.br\/site\/wp-json\/wp\/v2\/users\/2"}],"replies":[{"embeddable":true,"href":"https:\/\/clickcarangola.com.br\/site\/wp-json\/wp\/v2\/comments?post=6895"}],"version-history":[{"count":3,"href":"https:\/\/clickcarangola.com.br\/site\/wp-json\/wp\/v2\/posts\/6895\/revisions"}],"predecessor-version":[{"id":6897,"href":"https:\/\/clickcarangola.com.br\/site\/wp-json\/wp\/v2\/posts\/6895\/revisions\/6897"}],"wp:attachment":[{"href":"https:\/\/clickcarangola.com.br\/site\/wp-json\/wp\/v2\/media?parent=6895"}],"wp:term":[{"taxonomy":"category","embeddable":true,"href":"https:\/\/clickcarangola.com.br\/site\/wp-json\/wp\/v2\/categories?post=6895"},{"taxonomy":"post_tag","embeddable":true,"href":"https:\/\/clickcarangola.com.br\/site\/wp-json\/wp\/v2\/tags?post=6895"}],"curies":[{"name":"wp","href":"https:\/\/api.w.org\/{rel}","templated":true}]}}