{"id":6908,"date":"2012-08-30T06:30:06","date_gmt":"2012-08-30T09:30:06","guid":{"rendered":"https:\/\/clickcarangola.com.br\/site\/?p=6908"},"modified":"2012-08-31T12:07:42","modified_gmt":"2012-08-31T15:07:42","slug":"carreta-carregada-de-carvao-tomba-proximo-a-orizania","status":"publish","type":"post","link":"https:\/\/clickcarangola.com.br\/site\/30\/08\/2012\/carreta-carregada-de-carvao-tomba-proximo-a-orizania\/","title":{"rendered":"Carreta carregada de carv\u00e3o tomba pr\u00f3ximo a Oriz\u00e2nia"},"content":{"rendered":"<p style=\"text-align: justify;\"><img loading=\"lazy\" decoding=\"async\" class=\"alignleft\" src=\"https:\/\/www.jornalocampeao.com\/images\/stories\/0012%20%20-%20%20a%20logusa51a001aaba01a1aaba1a1aaba1a1aaba1a1a1a1a1ab01ababa1abcaabcdefghijk.jpg\" border=\"0\" alt=\"\" width=\"125\" height=\"125\" \/><span style=\"color: #888888;\">O motorista de uma carreta perdeu o controle da dire\u00e7\u00e3o e tombou sobre uma ponte na BR-116, pr\u00f3ximo a Oriz\u00e2nia, na tarde desta quarta-feira, 29. <\/span><span style=\"color: #888888;\">O motorista Edson Vander Estephal teve les\u00f5es leves e foi levado para o Hospital da cidade de Divino. <\/span><\/p>\n<p style=\"text-align: justify;\"><span style=\"color: #888888;\">A carreta, carregada de carv\u00e3o, seguia sentido Rio de Janeiro. Al\u00e9m da pouca sinaliza\u00e7\u00e3o no local, chovia muito na hora do acidente.<!--more-->\u00a0<\/span><\/p>\n<p style=\"text-align: justify;\"><span style=\"color: #888888;\">Os policiais rodovi\u00e1rios de Fervedouro controlaram o tr\u00e2nsito. A pista ficou congestionada nos dois sentidos. <\/span><span style=\"color: #888888;\">Com informa\u00e7\u00f5es do parceiro jornal O Campe\u00e3o.<\/span><\/p>\n<p style=\"text-align: justify;\"><span style=\"color: #ff0000;\">Confira as imagens:<\/span><\/p>\n<p><img loading=\"lazy\" decoding=\"async\" src=\"https:\/\/www.jornalocampeao.com\/images\/stories\/0012%20%20-%20%20a%20logusa51a001aaba01a1aaba1a1aaba1a1aaba1a1a1a1a1ab01ababa1abcaabcdefghijk.jpg\" border=\"0\" alt=\"\" width=\"300\" height=\"226\" \/><\/p>\n<p><img loading=\"lazy\" decoding=\"async\" src=\"https:\/\/www.jornalocampeao.com\/images\/stories\/0012%20%20-%20%20a%20logusa51a001aaba01a1aaba1a1aaba1a1aaba1a1a1a1a1ab01ababa1abcaabcdefghijklmn.jpg\" border=\"0\" alt=\"\" width=\"300\" height=\"226\" \/><\/p>\n<p><img loading=\"lazy\" decoding=\"async\" src=\"https:\/\/www.jornalocampeao.com\/images\/stories\/0012%20%20-%20%20a%20logusa51a001aaba01a1aaba1a1aaba1a1aaba1a1a1a1a1ab01ababa1abcaabcdefghijklm.jpg\" border=\"0\" alt=\"\" width=\"300\" height=\"226\" \/><\/p>\n<p><img loading=\"lazy\" decoding=\"async\" src=\"https:\/\/www.jornalocampeao.com\/images\/stories\/0012%20%20-%20%20a%20logusa51a001aaba01a1aaba1a1aaba1a1aaba1a1a1a1a1ab01ababa1abcaabcdefghijklmno.jpg\" border=\"0\" alt=\"\" width=\"300\" height=\"226\" \/><\/p>\n<p><img loading=\"lazy\" decoding=\"async\" src=\"https:\/\/www.jornalocampeao.com\/images\/stories\/0012%20%20-%20%20a%20logusa51a001aaba01a1aaba1a1aaba1a1aaba1a1a1a1a1ab01ababa1abcaabcdefghijklmnop.jpg\" border=\"0\" alt=\"\" width=\"300\" height=\"226\" \/><\/p>\n<p><span style=\"color: #ff0000;\"><span style=\"color: #808080;\">Por: Click Carangola | Sugest\u00f5es de pauta:<\/span> <a href=\"mailto:clickcarangola@gmail.com\">clickcarangola@gmail.com<\/a> <\/span><\/p>\n","protected":false},"excerpt":{"rendered":"<p>O motorista de uma carreta perdeu o controle da dire\u00e7\u00e3o e tombou sobre uma ponte na BR-116, pr\u00f3ximo a Oriz\u00e2nia, na tarde desta quarta-feira, 29. O motorista Edson Vander Estephal teve les\u00f5es leves e foi levado para o Hospital da cidade de Divino. A carreta, carregada de carv\u00e3o, seguia sentido Rio de Janeiro. Al\u00e9m da [&hellip;]<\/p>\n","protected":false},"author":2,"featured_media":0,"comment_status":"open","ping_status":"open","sticky":false,"template":"","format":"standard","meta":{"footnotes":""},"categories":[53],"tags":[],"class_list":["post-6908","post","type-post","status-publish","format-standard","hentry","category-orizania-mg"],"_links":{"self":[{"href":"https:\/\/clickcarangola.com.br\/site\/wp-json\/wp\/v2\/posts\/6908","targetHints":{"allow":["GET"]}}],"collection":[{"href":"https:\/\/clickcarangola.com.br\/site\/wp-json\/wp\/v2\/posts"}],"about":[{"href":"https:\/\/clickcarangola.com.br\/site\/wp-json\/wp\/v2\/types\/post"}],"author":[{"embeddable":true,"href":"https:\/\/clickcarangola.com.br\/site\/wp-json\/wp\/v2\/users\/2"}],"replies":[{"embeddable":true,"href":"https:\/\/clickcarangola.com.br\/site\/wp-json\/wp\/v2\/comments?post=6908"}],"version-history":[{"count":5,"href":"https:\/\/clickcarangola.com.br\/site\/wp-json\/wp\/v2\/posts\/6908\/revisions"}],"predecessor-version":[{"id":6910,"href":"https:\/\/clickcarangola.com.br\/site\/wp-json\/wp\/v2\/posts\/6908\/revisions\/6910"}],"wp:attachment":[{"href":"https:\/\/clickcarangola.com.br\/site\/wp-json\/wp\/v2\/media?parent=6908"}],"wp:term":[{"taxonomy":"category","embeddable":true,"href":"https:\/\/clickcarangola.com.br\/site\/wp-json\/wp\/v2\/categories?post=6908"},{"taxonomy":"post_tag","embeddable":true,"href":"https:\/\/clickcarangola.com.br\/site\/wp-json\/wp\/v2\/tags?post=6908"}],"curies":[{"name":"wp","href":"https:\/\/api.w.org\/{rel}","templated":true}]}}