{"id":6930,"date":"2012-09-02T06:30:55","date_gmt":"2012-09-02T09:30:55","guid":{"rendered":"https:\/\/clickcarangola.com.br\/site\/?p=6930"},"modified":"2012-09-02T17:20:32","modified_gmt":"2012-09-02T20:20:32","slug":"radio-mais-fm-sob-nova-direcao","status":"publish","type":"post","link":"https:\/\/clickcarangola.com.br\/site\/02\/09\/2012\/radio-mais-fm-sob-nova-direcao\/","title":{"rendered":"R\u00e1dio Mais FM sob nova dire\u00e7\u00e3o"},"content":{"rendered":"<p style=\"text-align: justify;\"><span style=\"color: #888888;\"><img loading=\"lazy\" decoding=\"async\" id=\"Image3_img\" class=\"alignleft\" src=\"https:\/\/4.bp.blogspot.com\/-szDBozxrkIs\/T5r2rjKZQQI\/AAAAAAAAAUg\/GrZNM3sFB8Q\/s1600\/maisfm-carangola.bmp\" alt=\"PANORAMA ESPORTIVO SEGUNDA  A SEXTA 11 horas\" width=\"125\" height=\"125\" \/>A R\u00e1dio Mais FM (92,7 MHz) de Carangola est\u00e1 sob nova dire\u00e7\u00e3o. A partir desta segunda-feira, 03 de setembro, os ouvintes poder\u00e3o conferir muitas novidades sob a coordena\u00e7\u00e3o de Mario Luiz.<\/span><\/p>\n<p style=\"text-align: justify;\"><span style=\"color: #888888;\">Com uma extensa ficha profissional, o locutor Mario Luiz Alves de Oliveira atua na \u00e1rea h\u00e1 muitos anos. J\u00e1 trabalhou em diversos eventos e emissoras de r\u00e1dio no pa\u00eds. <\/span><span style=\"color: #888888;\">Como novo coordenador da emissora, Mario garante que grandes mudan\u00e7as est\u00e3o por vir. \u201cTenho o interesse de popularizar a r\u00e1dio, tornando a mais pr\u00f3xima dos ouvintes\u201d.<!--more--><\/span><\/p>\n<p style=\"text-align: justify;\"><span style=\"color: #888888;\">Promo\u00e7\u00f5es, eventos, parcerias, cultivar amizades, fazer o social atrav\u00e9s das ondas amigas da 92,7 MHz. Mario estreia nesta segunda-feira, a partir das 13 hs. Sintonize e Participe!!!<\/span><\/p>\n<p style=\"text-align: justify;\"><span style=\"color: #888888;\">Por: Click Carangola | Sugest\u00f5es de pauta: <a href=\"mailto:clickcarangola@gmail.com\">clickcarangola@gmail.com<\/a> <\/span><\/p>\n","protected":false},"excerpt":{"rendered":"<p>A R\u00e1dio Mais FM (92,7 MHz) de Carangola est\u00e1 sob nova dire\u00e7\u00e3o. A partir desta segunda-feira, 03 de setembro, os ouvintes poder\u00e3o conferir muitas novidades sob a coordena\u00e7\u00e3o de Mario Luiz. Com uma extensa ficha profissional, o locutor Mario Luiz Alves de Oliveira atua na \u00e1rea h\u00e1 muitos anos. J\u00e1 trabalhou em diversos eventos e [&hellip;]<\/p>\n","protected":false},"author":2,"featured_media":0,"comment_status":"open","ping_status":"open","sticky":false,"template":"","format":"standard","meta":{"footnotes":""},"categories":[37],"tags":[],"class_list":["post-6930","post","type-post","status-publish","format-standard","hentry","category-carangola-mg"],"_links":{"self":[{"href":"https:\/\/clickcarangola.com.br\/site\/wp-json\/wp\/v2\/posts\/6930","targetHints":{"allow":["GET"]}}],"collection":[{"href":"https:\/\/clickcarangola.com.br\/site\/wp-json\/wp\/v2\/posts"}],"about":[{"href":"https:\/\/clickcarangola.com.br\/site\/wp-json\/wp\/v2\/types\/post"}],"author":[{"embeddable":true,"href":"https:\/\/clickcarangola.com.br\/site\/wp-json\/wp\/v2\/users\/2"}],"replies":[{"embeddable":true,"href":"https:\/\/clickcarangola.com.br\/site\/wp-json\/wp\/v2\/comments?post=6930"}],"version-history":[{"count":7,"href":"https:\/\/clickcarangola.com.br\/site\/wp-json\/wp\/v2\/posts\/6930\/revisions"}],"predecessor-version":[{"id":6933,"href":"https:\/\/clickcarangola.com.br\/site\/wp-json\/wp\/v2\/posts\/6930\/revisions\/6933"}],"wp:attachment":[{"href":"https:\/\/clickcarangola.com.br\/site\/wp-json\/wp\/v2\/media?parent=6930"}],"wp:term":[{"taxonomy":"category","embeddable":true,"href":"https:\/\/clickcarangola.com.br\/site\/wp-json\/wp\/v2\/categories?post=6930"},{"taxonomy":"post_tag","embeddable":true,"href":"https:\/\/clickcarangola.com.br\/site\/wp-json\/wp\/v2\/tags?post=6930"}],"curies":[{"name":"wp","href":"https:\/\/api.w.org\/{rel}","templated":true}]}}