{"id":696,"date":"2011-09-18T10:34:13","date_gmt":"2011-09-18T13:34:13","guid":{"rendered":"https:\/\/clickcarangola.com.br\/site\/?p=696"},"modified":"2011-12-11T11:41:55","modified_gmt":"2011-12-11T14:41:55","slug":"5%c2%aa-primavera-dos-museus-em-carangola","status":"publish","type":"post","link":"https:\/\/clickcarangola.com.br\/site\/18\/09\/2011\/5%c2%aa-primavera-dos-museus-em-carangola\/","title":{"rendered":"5\u00aa Primavera dos Museus em Carangola"},"content":{"rendered":"<div style=\"text-align: justify;\"><span style=\"color: #888888;\"><span style=\"color: #888888;\"><img loading=\"lazy\" decoding=\"async\" class=\"alignleft size-medium wp-image-699\" title=\"5\u00aa Primavera dos Museus.\" src=\"https:\/\/clickcarangola.com.br\/site\/wp-content\/uploads\/2011\/09\/Cartaz-Primavera-155x300.jpg\" alt=\"\" width=\"155\" height=\"300\" srcset=\"https:\/\/clickcarangola.com.br\/site\/wp-content\/uploads\/2011\/09\/Cartaz-Primavera-155x300.jpg 155w, https:\/\/clickcarangola.com.br\/site\/wp-content\/uploads\/2011\/09\/Cartaz-Primavera-530x1024.jpg 530w, https:\/\/clickcarangola.com.br\/site\/wp-content\/uploads\/2011\/09\/Cartaz-Primavera.jpg 896w\" sizes=\"auto, (max-width: 155px) 100vw, 155px\" \/><\/span>A 5\u00aa Primavera dos Museu acontece entre os dias 19 e 25 de setembro e ter\u00e1, este ano, a participa\u00e7\u00e3o de 589 institui\u00e7\u00f5es, que promover\u00e3o 1.779 atividades em 310 cidades de todas as regi\u00f5es do Pa\u00eds. Com o tema\u00a0<em>Mulheres, Museus e Mem\u00f3rias<\/em>, a edi\u00e7\u00e3o deste ano abre espa\u00e7o para a indaga\u00e7\u00e3o sobre como o g\u00eanero, a mulher e o feminino est\u00e3o sendo pensados na contemporaneidade.<\/span><\/div>\n<p style=\"text-align: justify;\">\n<p style=\"text-align: justify;\"><span style=\"color: #888888;\">Coordenada pelo Ibram e realizada pelas institui\u00e7\u00f5es museol\u00f3gicas brasileiras, a Primavera dos Museus acontece anualmente no in\u00edcio da primavera, com o objetivo de sensibilizar as institui\u00e7\u00f5es museais e a comunidade para o debate sobre temas da atualidade.<\/span><\/p>\n<p style=\"text-align: justify;\"><span style=\"color: #888888;\">Nos anos anteriores, a Primavera dos Museus ofereceu mais de 3 mil a\u00e7\u00f5es organizadas por museus e institui\u00e7\u00f5es culturais de todo o pa\u00eds. Semin\u00e1rios, exposi\u00e7\u00f5es, oficinas, espet\u00e1culos musicais, de teatro e de dan\u00e7a, mesas-redondas, visitas guiadas e exibi\u00e7\u00f5es de filmes s\u00e3o alguns dos eventos realizados. Os temas das \u00faltimas edi\u00e7\u00f5es foram <em>Meio Ambiente, Mem\u00f3ria e Vida; Museus e o Di\u00e1logo Intercultural; Museus e Direitos Humanos<\/em> e <em>Museus e Redes Sociais<\/em>.<\/span><\/p>\n<p style=\"text-align: justify;\"><span style=\"color: #888888;\"><strong>Carangola<\/strong><\/span><\/p>\n<p style=\"text-align: justify;\"><span style=\"color: #888888;\">&#8220;Homenagear as mulheres brilhantes de nossa cidade, evidenciando as que fizeram e fazem hist\u00f3ria em Carangola.&#8221;<\/span><\/p>\n<p style=\"text-align: justify;\"><span style=\"color: #888888;\">Neste sentido, o Museu Municipal tem o prazer de convidar toda a popula\u00e7\u00e3o para participarem da programa\u00e7\u00e3o da 5\u00aa Primavera dos Museus.<\/span><\/p>\n<p style=\"text-align: justify;\"><span style=\"color: #888888;\"><strong>Programa\u00e7\u00e3o<\/strong><\/span><\/p>\n<div style=\"text-align: justify;\"><span style=\"color: #888888;\">19\/09\/2011 &#8211; 19h \u00e0s 21h<\/span><\/div>\n<div style=\"text-align: justify;\"><span style=\"color: #888888;\">&#8211; Abertura oficial da participa\u00e7\u00e3o do Museu na 5\u00aa Primavera dos Museus.<\/span><\/div>\n<div style=\"text-align: justify;\"><span style=\"color: #888888;\">&#8211; Minipalestra: &#8220;Mulheres e Hist\u00f3ria: Um Casamento na Linha do Tempo&#8221;.<\/span><\/div>\n<div style=\"text-align: justify;\"><span style=\"color: #888888;\">&#8211; Homenagens p\u00f3stumas: Dona Quita e Luiza Vallad\u00e3o.<\/span><\/div>\n<div style=\"text-align: justify;\"><span style=\"color: #888888;\">Local: Museu Municipal &#8211; Sal\u00e3o Nobre &#8220;Jayro Mota Hosken&#8221;.\u00a0<\/span><\/div>\n<div style=\"text-align: justify;\"><span style=\"color: #888888;\">\u00a0<\/span><\/div>\n<div style=\"text-align: justify;\"><span style=\"color: #888888;\">20\/09\/2011 &#8211; 19h \u00e0s 21h<\/span><\/div>\n<div style=\"text-align: justify;\"><span style=\"color: #888888;\">\u00a0<\/span><\/div>\n<div style=\"text-align: justify;\"><span style=\"color: #888888;\">&#8211; Mesa redonda: A import\u00e2ncia da mulher na sociedade. Debate entre mulheres brilhantes na sociedade carangolense.<\/span><\/div>\n<p style=\"text-align: justify;\"><span style=\"color: #888888;\">&#8211; Apresenta\u00e7\u00f5es Culturais.<\/span><\/p>\n<p style=\"text-align: justify;\"><span style=\"color: #888888;\"><strong>Por: Click Carangola<\/strong><\/span><\/p>\n<p style=\"text-align: justify;\"><span style=\"color: #888888;\">\u00bb Envie not\u00edcias, sugest\u00f5es, den\u00fancias, cr\u00edticas e pedidos para a nossa\u00a0equipe \u2013 <\/span><span style=\"color: #888888;\"><a href=\"mailto:clickcarangola@gmail.com\">clickcarangola@gmail.com<\/a><\/span><\/p>\n","protected":false},"excerpt":{"rendered":"<p>A 5\u00aa Primavera dos Museu acontece entre os dias 19 e 25 de setembro e ter\u00e1, este ano, a participa\u00e7\u00e3o de 589 institui\u00e7\u00f5es, que promover\u00e3o 1.779 atividades em 310 cidades de todas as regi\u00f5es do Pa\u00eds. Com o tema\u00a0Mulheres, Museus e Mem\u00f3rias, a edi\u00e7\u00e3o deste ano abre espa\u00e7o para a indaga\u00e7\u00e3o sobre como o g\u00eanero, [&hellip;]<\/p>\n","protected":false},"author":2,"featured_media":0,"comment_status":"open","ping_status":"open","sticky":false,"template":"","format":"standard","meta":{"footnotes":""},"categories":[37,1],"tags":[],"class_list":["post-696","post","type-post","status-publish","format-standard","hentry","category-carangola-mg","category-regional"],"_links":{"self":[{"href":"https:\/\/clickcarangola.com.br\/site\/wp-json\/wp\/v2\/posts\/696","targetHints":{"allow":["GET"]}}],"collection":[{"href":"https:\/\/clickcarangola.com.br\/site\/wp-json\/wp\/v2\/posts"}],"about":[{"href":"https:\/\/clickcarangola.com.br\/site\/wp-json\/wp\/v2\/types\/post"}],"author":[{"embeddable":true,"href":"https:\/\/clickcarangola.com.br\/site\/wp-json\/wp\/v2\/users\/2"}],"replies":[{"embeddable":true,"href":"https:\/\/clickcarangola.com.br\/site\/wp-json\/wp\/v2\/comments?post=696"}],"version-history":[{"count":12,"href":"https:\/\/clickcarangola.com.br\/site\/wp-json\/wp\/v2\/posts\/696\/revisions"}],"predecessor-version":[{"id":698,"href":"https:\/\/clickcarangola.com.br\/site\/wp-json\/wp\/v2\/posts\/696\/revisions\/698"}],"wp:attachment":[{"href":"https:\/\/clickcarangola.com.br\/site\/wp-json\/wp\/v2\/media?parent=696"}],"wp:term":[{"taxonomy":"category","embeddable":true,"href":"https:\/\/clickcarangola.com.br\/site\/wp-json\/wp\/v2\/categories?post=696"},{"taxonomy":"post_tag","embeddable":true,"href":"https:\/\/clickcarangola.com.br\/site\/wp-json\/wp\/v2\/tags?post=696"}],"curies":[{"name":"wp","href":"https:\/\/api.w.org\/{rel}","templated":true}]}}