{"id":7006,"date":"2012-09-11T06:30:11","date_gmt":"2012-09-11T09:30:11","guid":{"rendered":"https:\/\/clickcarangola.com.br\/site\/?p=7006"},"modified":"2012-09-11T18:46:23","modified_gmt":"2012-09-11T21:46:23","slug":"incendio-destroi-cozinha-do-lar-dos-idosos-de-carangola","status":"publish","type":"post","link":"https:\/\/clickcarangola.com.br\/site\/11\/09\/2012\/incendio-destroi-cozinha-do-lar-dos-idosos-de-carangola\/","title":{"rendered":"Inc\u00eandio destr\u00f3i cozinha do Lar dos Idosos de Carangola"},"content":{"rendered":"<p style=\"text-align: justify;\"><span style=\"color: #888888;\"><img loading=\"lazy\" decoding=\"async\" class=\"alignleft\" src=\"https:\/\/www.portalcaparao.com.br\/fotos\/images\/BotijaIdosos.jpg\" alt=\"\" width=\"125\" height=\"125\" \/>Um inc\u00eandio provocado com botijas de g\u00e1s, destruiu a cozinha do Lar dos Idosos,\u00a0entidade mantida pelo Hospital Evang\u00e9lico de Carangola, na manh\u00e3 dessa ter\u00e7a-feira (11).<\/span><\/p>\n<p style=\"text-align: justify;\"><span style=\"color: #888888;\">Quando a cozinheira estava preparando o caf\u00e9, o fogo come\u00e7ou em uma das botijas de g\u00e1s que alimentam o fog\u00e3o industrial.<!--more--><br \/>\n<\/span><\/p>\n<p style=\"text-align: justify;\"><span style=\"color: #888888;\">Todos os idosos foram retirados com seguran\u00e7a e ficaram no p\u00e1tio aguardando o trabalho da Pol\u00edcia Militar da 75\u00aa Companhia de Carangola. Os policiais combateram o inc\u00eandio, mas a cozinha ficou totalmente destru\u00edda.<\/span><\/p>\n<p style=\"text-align: justify;\"><span style=\"color: #888888;\">Os idosos receberam p\u00e3es e biscoitos, j\u00e1 que todo o caf\u00e9 n\u00e3o pode ser feito. Equipes da dire\u00e7\u00e3o est\u00e3o avaliando as provid\u00eancias para recuperar a cozinha. Felizmente ningu\u00e9m se feriu. Com informa\u00e7\u00f5es da PM e blog O Combatente.<\/span><\/p>\n<p style=\"text-align: justify;\"><img loading=\"lazy\" decoding=\"async\" src=\"https:\/\/www.portalcaparao.com.br\/fotos\/images\/BotijaIdosos.jpg\" alt=\"\" width=\"300\" height=\"226\" \/><\/p>\n<p><span style=\"color: #888888;\">Por: Click Carangola | Sugest\u00f5es de pauta: <a href=\"mailto:clickcarangola@gmail.com\">clickcarangola@gmail.com<\/a> <\/span><\/p>\n","protected":false},"excerpt":{"rendered":"<p>Um inc\u00eandio provocado com botijas de g\u00e1s, destruiu a cozinha do Lar dos Idosos,\u00a0entidade mantida pelo Hospital Evang\u00e9lico de Carangola, na manh\u00e3 dessa ter\u00e7a-feira (11). Quando a cozinheira estava preparando o caf\u00e9, o fogo come\u00e7ou em uma das botijas de g\u00e1s que alimentam o fog\u00e3o industrial.<\/p>\n","protected":false},"author":2,"featured_media":0,"comment_status":"open","ping_status":"open","sticky":false,"template":"","format":"standard","meta":{"footnotes":""},"categories":[37],"tags":[],"class_list":["post-7006","post","type-post","status-publish","format-standard","hentry","category-carangola-mg"],"_links":{"self":[{"href":"https:\/\/clickcarangola.com.br\/site\/wp-json\/wp\/v2\/posts\/7006","targetHints":{"allow":["GET"]}}],"collection":[{"href":"https:\/\/clickcarangola.com.br\/site\/wp-json\/wp\/v2\/posts"}],"about":[{"href":"https:\/\/clickcarangola.com.br\/site\/wp-json\/wp\/v2\/types\/post"}],"author":[{"embeddable":true,"href":"https:\/\/clickcarangola.com.br\/site\/wp-json\/wp\/v2\/users\/2"}],"replies":[{"embeddable":true,"href":"https:\/\/clickcarangola.com.br\/site\/wp-json\/wp\/v2\/comments?post=7006"}],"version-history":[{"count":7,"href":"https:\/\/clickcarangola.com.br\/site\/wp-json\/wp\/v2\/posts\/7006\/revisions"}],"predecessor-version":[{"id":7008,"href":"https:\/\/clickcarangola.com.br\/site\/wp-json\/wp\/v2\/posts\/7006\/revisions\/7008"}],"wp:attachment":[{"href":"https:\/\/clickcarangola.com.br\/site\/wp-json\/wp\/v2\/media?parent=7006"}],"wp:term":[{"taxonomy":"category","embeddable":true,"href":"https:\/\/clickcarangola.com.br\/site\/wp-json\/wp\/v2\/categories?post=7006"},{"taxonomy":"post_tag","embeddable":true,"href":"https:\/\/clickcarangola.com.br\/site\/wp-json\/wp\/v2\/tags?post=7006"}],"curies":[{"name":"wp","href":"https:\/\/api.w.org\/{rel}","templated":true}]}}